{"id":148,"date":"2009-06-16T12:02:51","date_gmt":"2009-06-16T10:02:51","guid":{"rendered":"http:\/\/www.brueckenmusik.de\/?p=148"},"modified":"2009-06-16T12:02:51","modified_gmt":"2009-06-16T10:02:51","slug":"telefante","status":"publish","type":"post","link":"https:\/\/www.brueckenmusik.de\/?p=148","title":{"rendered":"TELEFANTE"},"content":{"rendered":"<p>{\u00f1}: Orakel Partitur f\u00fcr eine leere Seite<br \/>\n<em>Videoprojektion\/Performance<\/em><br \/>\n<!--more--><\/p>\n<p><img loading=\"lazy\" decoding=\"async\" class=\"alignright size-full wp-image-162\" title=\"09_telefante\" src=\"http:\/\/www.brueckenmusik.de\/BMs\/wp-content\/uploads\/2009\/06\/09_telefante-1-1.jpg\" alt=\"09_telefante\" width=\"380\" height=\"340\" \/><img loading=\"lazy\" decoding=\"async\" class=\"alignright size-full wp-image-35\" title=\"blanko\" src=\"http:\/\/www.brueckenmusik.de\/BMs\/wp-content\/uploads\/2009\/06\/blanko-1-1.jpg\" alt=\"blanko\" width=\"380\" height=\"369\" \/>Ein Kapitel aus einem neuen Langzeitprojekt: Telefante pr\u00e4sentiert die erste Auff\u00fchrung von &#8222;Stille Variationen \u00fcber Diderot &amp; D\u00b4Alemberts Enzyklopaedie&#8220; (Techniken des Schreibens)<\/p>\n<p>&#8212;<br \/>\n<strong>Luis Negr\u00f3n van Grieken<\/strong> (Caracas, 1974)<br \/>\nPostgraduiertenstudium an der Kunsthochschule f\u00fcr Medien, K\u00f6ln und ein Master an der mecad\/uab Barcelona. Medientechnologie an der TU Ilmenau. Gaststudent an de Bauhausuniversit\u00e4t Weimar.<br \/>\nKooperationen und Coolaborationen im Bereich elektronisches B\u00fchnenbild und Videokonzerte. Stipendienaufenthalte am Metronom, Barcelona und am Montevideo Time Based Arts Institute, Amsterdam. Zusammenarbeit mit Juan Orozco unter dem Namen Telefante seit 2005.<br \/>\n<a href=\"http:\/\/www.luisnegronvangrieken.net\/\">www.luisnegronvangrieken.net<\/a><\/p>\n<p><strong>Juan Orozco Vel\u00e1squez<\/strong> (Bogot\u00e1, 1973)<br \/>\nFilm- und Musikstudium an der Nationaluniversit\u00e4t Bogot\u00e0, Kolumbien. Abschluss als &#8222;Film- und Fernsehregisseur&#8220; im Bereich &#8222;Experimenteller Dokumentarfilm&#8220;. Masterabschluss \u00fcber &#8222;Design und Erstellung interaktiver Systeme&#8220; am MECAD- Media Center of Art &amp; Design \/ UAB- Autonome Universit\u00e4t von Barcelona. Gaststudent und Fellowship im Bereich Kunst- und Medienwissenschaften an der Kunsthochschule f\u00fcr Medien, K\u00f6ln. Theaterabeit. Zusammen mit Luis Negr\u00f3n Gr\u00fcnder des Projektes Telefante.<br \/>\n<a href=\"http:\/\/www.telefante.eu\/\">www.telefante.de<\/a><\/p>\n<p>&#8212;&#8212;&#8212;&#8212;&#8212;&#8212;&#8212;&#8212;&#8212;&#8212;&#8212;&#8212;&#8212;&#8212;&#8212;&#8211;<br \/>\nKonzert und Projektionen<br \/>\n28. Juni 2009 \/ So \/ 19:30 h<\/p>\n<p><strong>CHRISTOPH BANGERT <\/strong>(D)<br \/>\nProjektion<br \/>\nDiagrammbild Drahtschaf Deutz<\/p>\n<p><strong>STEVIE WISHART<\/strong> (B)<br \/>\nMusik f\u00fcr Drehleier<br \/>\nSolos for hurdy gurdy: strings,<br \/>\nwheel and fingers<\/p>\n<p><strong>JUAN OROZCO &amp; LUIS NEGR\u00d2N<br \/>\n[TELEFANTE]<\/strong> (D)<br \/>\nVideoprojektion\/Performance<br \/>\n\u00f1<\/p>\n","protected":false},"excerpt":{"rendered":"<p>{\u00f1}: Orakel Partitur f\u00fcr eine leere Seite Videoprojektion\/Performance<\/p>\n","protected":false},"author":1,"featured_media":0,"comment_status":"closed","ping_status":"closed","sticky":false,"template":"","format":"standard","meta":{"footnotes":""},"categories":[2,109,21,45,68,92],"tags":[],"class_list":["post-148","post","type-post","status-publish","format-standard","hentry","category-kunstler","category-telefante","category-bm15-2009","category-grieken-luis-negron-van","category-konzert-und-projektionen","category-velasquez-juan-orozco"],"_links":{"self":[{"href":"https:\/\/www.brueckenmusik.de\/index.php?rest_route=\/wp\/v2\/posts\/148","targetHints":{"allow":["GET"]}}],"collection":[{"href":"https:\/\/www.brueckenmusik.de\/index.php?rest_route=\/wp\/v2\/posts"}],"about":[{"href":"https:\/\/www.brueckenmusik.de\/index.php?rest_route=\/wp\/v2\/types\/post"}],"author":[{"embeddable":true,"href":"https:\/\/www.brueckenmusik.de\/index.php?rest_route=\/wp\/v2\/users\/1"}],"replies":[{"embeddable":true,"href":"https:\/\/www.brueckenmusik.de\/index.php?rest_route=%2Fwp%2Fv2%2Fcomments&post=148"}],"version-history":[{"count":0,"href":"https:\/\/www.brueckenmusik.de\/index.php?rest_route=\/wp\/v2\/posts\/148\/revisions"}],"wp:attachment":[{"href":"https:\/\/www.brueckenmusik.de\/index.php?rest_route=%2Fwp%2Fv2%2Fmedia&parent=148"}],"wp:term":[{"taxonomy":"category","embeddable":true,"href":"https:\/\/www.brueckenmusik.de\/index.php?rest_route=%2Fwp%2Fv2%2Fcategories&post=148"},{"taxonomy":"post_tag","embeddable":true,"href":"https:\/\/www.brueckenmusik.de\/index.php?rest_route=%2Fwp%2Fv2%2Ftags&post=148"}],"curies":[{"name":"wp","href":"https:\/\/api.w.org\/{rel}","templated":true}]}}