{"id":1586,"date":"2018-06-02T10:15:30","date_gmt":"2018-06-02T08:15:30","guid":{"rendered":"http:\/\/www.brueckenmusik.de\/?p=1586"},"modified":"2018-06-02T10:15:30","modified_gmt":"2018-06-02T08:15:30","slug":"nassau","status":"publish","type":"post","link":"https:\/\/www.brueckenmusik.de\/?p=1586","title":{"rendered":"Nasssau"},"content":{"rendered":"<p>Konzert<br \/>\n4. Juli 2019 \/ Donnerstag \/ 20 h<\/p>\n<p>Eintritt: 10 \/ 8 EUR<\/p>\n<p>Das wachsende, wuchernde, ausufernde und verfranzende Spiel mit Klang steht im Mittelpunkt des Konzerts von NASSSAU im Rahmen der 25. Ausgabe der Br\u00fcckenmusik. Das \u00fcberregionale Kollektiv hat sich in k\u00fcrzester Zeit mit nur wenigen Auftritten zwischen Rhein und Ruhr in der frei improvisierenden Musikszene einen Namen gemacht. Der Br\u00fcckenkopf der Deutzer Br\u00fccke, vormals eine \u00f6ffentliche Tiefgarage, dient Nasssau dabei als Klang- und Resonanzraum f\u00fcr ihre akustischen und elektronischen Experimente mit losen Enden.<\/p>\n<p>mit:<\/p>\n<p>Tim Diedrichs &#8211; Bass<br \/>\nDennis Dycks &#8211; Organ, Tapes<br \/>\nNils Herzogenrath &#8211; Bass<br \/>\nStefan Kirchoff &#8211; Guitar<br \/>\nElisa K\u00fchnl &#8211; Vocals, Keyboard<br \/>\nEdis Ludwig &#8211; Keyboard, Laptop<br \/>\nDominik Lau &#8211; Guitar<br \/>\nSebastian von der Heide &#8211; Percussions<\/p>\n<p>und G\u00e4ste<\/p>\n<p><iframe loading=\"lazy\" width=\"560\" height=\"315\" src=\"https:\/\/www.youtube.com\/embed\/2X6K9atBL3s\" frameborder=\"0\" allow=\"accelerometer; autoplay; encrypted-media; gyroscope; picture-in-picture\" allowfullscreen><\/iframe><\/p>\n","protected":false},"excerpt":{"rendered":"<p>Konzert<br \/>\n4. Juli 2019<br \/>\n20 h<\/p>\n","protected":false},"author":1,"featured_media":1892,"comment_status":"closed","ping_status":"closed","sticky":false,"template":"","format":"standard","meta":{"footnotes":""},"categories":[31],"tags":[],"class_list":["post-1586","post","type-post","status-publish","format-standard","has-post-thumbnail","hentry","category-bm25-2019"],"_links":{"self":[{"href":"https:\/\/www.brueckenmusik.de\/index.php?rest_route=\/wp\/v2\/posts\/1586","targetHints":{"allow":["GET"]}}],"collection":[{"href":"https:\/\/www.brueckenmusik.de\/index.php?rest_route=\/wp\/v2\/posts"}],"about":[{"href":"https:\/\/www.brueckenmusik.de\/index.php?rest_route=\/wp\/v2\/types\/post"}],"author":[{"embeddable":true,"href":"https:\/\/www.brueckenmusik.de\/index.php?rest_route=\/wp\/v2\/users\/1"}],"replies":[{"embeddable":true,"href":"https:\/\/www.brueckenmusik.de\/index.php?rest_route=%2Fwp%2Fv2%2Fcomments&post=1586"}],"version-history":[{"count":0,"href":"https:\/\/www.brueckenmusik.de\/index.php?rest_route=\/wp\/v2\/posts\/1586\/revisions"}],"wp:featuredmedia":[{"embeddable":true,"href":"https:\/\/www.brueckenmusik.de\/index.php?rest_route=\/wp\/v2\/media\/1892"}],"wp:attachment":[{"href":"https:\/\/www.brueckenmusik.de\/index.php?rest_route=%2Fwp%2Fv2%2Fmedia&parent=1586"}],"wp:term":[{"taxonomy":"category","embeddable":true,"href":"https:\/\/www.brueckenmusik.de\/index.php?rest_route=%2Fwp%2Fv2%2Fcategories&post=1586"},{"taxonomy":"post_tag","embeddable":true,"href":"https:\/\/www.brueckenmusik.de\/index.php?rest_route=%2Fwp%2Fv2%2Ftags&post=1586"}],"curies":[{"name":"wp","href":"https:\/\/api.w.org\/{rel}","templated":true}]}}