{"id":1596,"date":"2019-05-21T11:40:01","date_gmt":"2019-05-21T09:40:01","guid":{"rendered":"http:\/\/www.brueckenmusik.de\/?p=1596"},"modified":"2019-05-21T11:40:01","modified_gmt":"2019-05-21T09:40:01","slug":"1596","status":"publish","type":"post","link":"https:\/\/www.brueckenmusik.de\/?p=1596","title":{"rendered":"Br\u00fcckenmusik 25"},"content":{"rendered":"\n<div class=\"wp-block-columns is-layout-flex wp-container-core-columns-is-layout-9d6595d7 wp-block-columns-is-layout-flex\">\n<div class=\"wp-block-column is-layout-flow wp-block-column-is-layout-flow\">\n<h2 class=\"wp-block-heading\">28. Juni \u20137. Juli 2019<br>Peter Ablinger<br>PUBLIC LITANIES<\/h2>\n\n\n\n<hr class=\"wp-block-separator has-alpha-channel-opacity is-style-wide\"\/>\n\n\n\n<p>Prozession f\u00fcr Chorf\u00fchrerin und Publikumsgruppen<br><\/p>\n\n\n\n<hr class=\"wp-block-separator has-alpha-channel-opacity is-style-wide\"\/>\n\n\n\n<p>Er\u00f6ffnung:<br>28. Juni 2019<br>Freitag \/ 19\u201322 h\u00a0<\/p>\n\n\n\n<hr class=\"wp-block-separator has-alpha-channel-opacity is-style-wide\"\/>\n\n\n\n<p><br>29. Juni\u20137. Juli 2019<br>t\u00e4glich von 16\u201320 h<br>(letzter Einlass 19:40 h)<\/p>\n\n\n\n<hr class=\"wp-block-separator has-alpha-channel-opacity is-style-wide\"\/>\n\n\n\n<p>Beginn alle 20 Min, limitierte Personenzahl<br>Dauer: ca. 20 min<\/p>\n\n\n\n<hr class=\"wp-block-separator has-alpha-channel-opacity is-style-wide\"\/>\n\n\n\n<p>Organisation:<br>Heike Ander<br>Friedemann Dupelius<br>Meryem Erkus<br>Theresa Nink<br>Dirk Specht<br>Volker Zander<\/p>\n\n\n\n<hr class=\"wp-block-separator has-alpha-channel-opacity is-style-wide\"\/>\n\n\n\n<p>Veranstaltet von:<br>Die Beste aller Welten e.V., K\u00f6ln<\/p>\n\n\n\n<hr class=\"wp-block-separator has-alpha-channel-opacity is-style-wide\"\/>\n\n\n\n<p>Gef\u00f6rdert von:<br>Kulturamt der Stadt K\u00f6ln<br>Land NRW, Ministerium f\u00fcr Kultur und Wissenschaft<\/p>\n\n\n\n<hr class=\"wp-block-separator has-alpha-channel-opacity is-style-wide\"\/>\n\n\n\n<figure class=\"wp-block-image size-full\"><a href=\"http:\/\/www.brueckenmusik.de\/BMs\/wp-content\/uploads\/2019\/06\/Bildschirmfoto-2019-06-07-um-14.04.56-1-1.png\"><img decoding=\"async\" src=\"http:\/\/www.brueckenmusik.de\/BMs\/wp-content\/uploads\/2019\/06\/Bildschirmfoto-2019-06-07-um-14.04.56-1-1.png\" alt=\"\" class=\"wp-image-1714\"\/><\/a><\/figure>\n<\/div>\n\n\n\n<div class=\"wp-block-column is-layout-flow wp-block-column-is-layout-flow\">\n<p>INSTALLATION<strong><br>Peter Ablinger<br>WEISS\/WEISSLICH 15<\/strong><br>\u201eVokal-Schleuse\u201c f\u00fcr 5 Lautsprecher-Paare (2018\/19)<br><br>29. Juni\u20137. Juli 2019<br>t\u00e4glich 16\u201320 h<br><a href=\"http:\/\/www.brueckenmusik.de\/?p=1570\">[+] more<\/a><\/p>\n\n\n\n<hr class=\"wp-block-separator has-alpha-channel-opacity is-style-wide\"\/>\n\n\n\n<p><br>SYMPOSIUM<br><strong>ON SILENCING \u2013 Zur Produktion der Stille<br><\/strong>29. Juni 2019 \/ Samstag \/ 11\u201319 h<br>Deutzer Br\u00fccke, K\u00f6ln<br><a href=\"http:\/\/www.brueckenmusik.de\/?p=1582\">[+] more<\/a><\/p>\n\n\n\n<hr class=\"wp-block-separator has-alpha-channel-opacity is-style-wide\"\/>\n\n\n\n<p><br>KONZERT<br><strong>NASSSAU<br><\/strong>4. Juli 2019 \/ Donnerstag \/ 20 h<br>Deutzer Br\u00fccke, K\u00f6ln<br><a href=\"http:\/\/www.brueckenmusik.de\/?p=1586\">[+] more<\/a><\/p>\n\n\n\n<hr class=\"wp-block-separator has-alpha-channel-opacity is-style-wide\"\/>\n\n\n\n<p><\/p>\n<\/div>\n\n\n\n<div class=\"wp-block-column is-layout-flow wp-block-column-is-layout-flow\">\n<figure class=\"wp-block-image size-large\"><a href=\"http:\/\/www.brueckenmusik.de\/BMs\/wp-content\/uploads\/2019\/05\/BM24_A6_A-1-1.jpg\"><img loading=\"lazy\" decoding=\"async\" width=\"726\" height=\"1024\" src=\"http:\/\/www.brueckenmusik.de\/BMs\/wp-content\/uploads\/2019\/05\/BM24_A6_A-1-726x1024.jpg\" alt=\"\" class=\"wp-image-1632\" srcset=\"https:\/\/www.brueckenmusik.de\/BMs\/wp-content\/uploads\/2019\/05\/BM24_A6_A-1-726x1024.jpg 726w, https:\/\/www.brueckenmusik.de\/BMs\/wp-content\/uploads\/2019\/05\/BM24_A6_A-1-213x300.jpg 213w, https:\/\/www.brueckenmusik.de\/BMs\/wp-content\/uploads\/2019\/05\/BM24_A6_A-1-768x1083.jpg 768w, https:\/\/www.brueckenmusik.de\/BMs\/wp-content\/uploads\/2019\/05\/BM24_A6_A-1-1090x1536.jpg 1090w, https:\/\/www.brueckenmusik.de\/BMs\/wp-content\/uploads\/2019\/05\/BM24_A6_A-1-1453x2048.jpg 1453w, https:\/\/www.brueckenmusik.de\/BMs\/wp-content\/uploads\/2019\/05\/BM24_A6_A-1-scaled.jpg 1816w\" sizes=\"auto, (max-width: 726px) 100vw, 726px\" \/><\/a><\/figure>\n<\/div>\n<\/div>\n","protected":false},"excerpt":{"rendered":"<p>28. Juni \u20137. Juli 2019Peter AblingerPUBLIC LITANIES Prozession f\u00fcr Chorf\u00fchrerin und Publikumsgruppen Er\u00f6ffnung:28. Juni 2019Freitag \/ 19\u201322 h\u00a0 29. Juni\u20137. Juli 2019t\u00e4glich von 16\u201320 h(letzter Einlass 19:40 h) Beginn alle 20 Min, limitierte PersonenzahlDauer: ca. 20 min Organisation:Heike AnderFriedemann DupeliusMeryem ErkusTheresa NinkDirk SpechtVolker Zander Veranstaltet von:Die Beste aller Welten e.V., K\u00f6ln Gef\u00f6rdert von:Kulturamt der Stadt &#8230; <a title=\"Br\u00fcckenmusik 25\" class=\"read-more\" href=\"https:\/\/www.brueckenmusik.de\/?p=1596\" aria-label=\"Read more about Br\u00fcckenmusik 25\">Read more<\/a><\/p>\n","protected":false},"author":1,"featured_media":0,"comment_status":"closed","ping_status":"closed","sticky":false,"template":"","format":"standard","meta":{"footnotes":""},"categories":[31],"tags":[],"class_list":["post-1596","post","type-post","status-publish","format-standard","hentry","category-bm25-2019"],"_links":{"self":[{"href":"https:\/\/www.brueckenmusik.de\/index.php?rest_route=\/wp\/v2\/posts\/1596","targetHints":{"allow":["GET"]}}],"collection":[{"href":"https:\/\/www.brueckenmusik.de\/index.php?rest_route=\/wp\/v2\/posts"}],"about":[{"href":"https:\/\/www.brueckenmusik.de\/index.php?rest_route=\/wp\/v2\/types\/post"}],"author":[{"embeddable":true,"href":"https:\/\/www.brueckenmusik.de\/index.php?rest_route=\/wp\/v2\/users\/1"}],"replies":[{"embeddable":true,"href":"https:\/\/www.brueckenmusik.de\/index.php?rest_route=%2Fwp%2Fv2%2Fcomments&post=1596"}],"version-history":[{"count":0,"href":"https:\/\/www.brueckenmusik.de\/index.php?rest_route=\/wp\/v2\/posts\/1596\/revisions"}],"wp:attachment":[{"href":"https:\/\/www.brueckenmusik.de\/index.php?rest_route=%2Fwp%2Fv2%2Fmedia&parent=1596"}],"wp:term":[{"taxonomy":"category","embeddable":true,"href":"https:\/\/www.brueckenmusik.de\/index.php?rest_route=%2Fwp%2Fv2%2Fcategories&post=1596"},{"taxonomy":"post_tag","embeddable":true,"href":"https:\/\/www.brueckenmusik.de\/index.php?rest_route=%2Fwp%2Fv2%2Ftags&post=1596"}],"curies":[{"name":"wp","href":"https:\/\/api.w.org\/{rel}","templated":true}]}}