{"id":197,"date":"2009-06-17T11:00:00","date_gmt":"2009-06-17T09:00:00","guid":{"rendered":"http:\/\/www.brueckenmusik.de\/?p=197"},"modified":"2009-06-17T11:00:00","modified_gmt":"2009-06-17T09:00:00","slug":"bruckenmusik-2009","status":"publish","type":"post","link":"https:\/\/www.brueckenmusik.de\/?p=197","title":{"rendered":"BR\u00dcCKENMUSIK 2009"},"content":{"rendered":"<p><img loading=\"lazy\" decoding=\"async\" class=\"alignright size-full wp-image-201\" title=\"0906_a\" src=\"http:\/\/www.brueckenmusik.de\/BMs\/wp-content\/uploads\/2009\/06\/0906_a-1-1.jpg\" alt=\"0906_a\" width=\"380\" height=\"214\" \/><br \/>\n<img loading=\"lazy\" decoding=\"async\" class=\"alignright size-full wp-image-202\" title=\"0906_01\" src=\"http:\/\/www.brueckenmusik.de\/BMs\/wp-content\/uploads\/2009\/06\/0906_01-1-1.jpg\" alt=\"0906_01\" width=\"380\" height=\"214\" \/><br \/>\n<img loading=\"lazy\" decoding=\"async\" class=\"alignright size-full wp-image-203\" title=\"0906_02\" src=\"http:\/\/www.brueckenmusik.de\/BMs\/wp-content\/uploads\/2009\/06\/0906_02-1-1.jpg\" alt=\"0906_02\" width=\"380\" height=\"214\" \/><br \/>\n<img loading=\"lazy\" decoding=\"async\" class=\"alignright size-full wp-image-204\" title=\"0906_03\" src=\"http:\/\/www.brueckenmusik.de\/BMs\/wp-content\/uploads\/2009\/06\/0906_03-1-1.jpg\" alt=\"0906_03\" width=\"380\" height=\"214\" \/><br \/>\n<img loading=\"lazy\" decoding=\"async\" class=\"alignright size-full wp-image-205\" title=\"0906_04\" src=\"http:\/\/www.brueckenmusik.de\/BMs\/wp-content\/uploads\/2009\/06\/0906_04-1-1.jpg\" alt=\"0906_04\" width=\"380\" height=\"214\" \/><br \/>\nIn ihrem 15. Jahr pr\u00e4sentiert die Br\u00fcckenMusik eine Einzelposition: der gigantische Hohlk\u00f6rper ist diesmal allein der bahnbrechenden Arbeit der amerikanischen Komponistin Maryanne Amacher gewidmet. Ihre Kompositionen definieren sich zum einen \u00fcber die Raumakustik des Auff\u00fchrungsortes, zum andern jedoch auch aus der Bewegung des Publikums, das die st\u00e4ndig changierenden Strukturen wie eigene Landschaft durchwandert.<br \/>\nDer monumentalen Klanglandschaft von Amachers \u201eBr\u00fcckenfindings\u201c stellen wir am Ende ein Konzert mit ganz andersartigen Fundst\u00fccken gegen\u00fcber. Der musikalische Teil, getragen von der Komponistin und Drehleierexpertin Stevie Wishart wird von zwei bildnerischen Arbeiten flankiert. Christoph Bangert pr\u00e4sentiert verschmitzt seinen aus Radfahrstatistiken abgeleiteten Diafilm, w\u00e4hrend das Videoduo Telefante in die enzyklop\u00e4dische Welt des 18. Jahrhunderts aufbricht.<br \/>\nAls eine der \u00e4ltesten kontinuierlichen Veranstaltungen zur Klangkunst in Deutschland k\u00f6nnte die Br\u00fcckenMusik ohne die Unterst\u00fctzung von vielen Seiten nicht existieren. Dabei sind hier nicht nur an die gro\u00dfz\u00fcgigen Geldgeber gedacht, sondern auch an die Assistenten, die unter erheblichem k\u00f6rperlichem und zeitlichem Einsatz das Zustandekommen der Installation erm\u00f6glichen: Vielen Dank,<br \/>\nBill Dietz und Matthias Neuenhofer!<\/p>\n<p><em>Jens Brand, hans w. koch<br \/>\nKuratoren<\/em><\/p>\n","protected":false},"excerpt":{"rendered":"<p>In ihrem 15. Jahr pr\u00e4sentiert die Br\u00fcckenMusik eine Einzelposition: der gigantische Hohlk\u00f6rper ist diesmal allein der bahnbrechenden Arbeit der amerikanischen Komponistin Maryanne Amacher gewidmet. Ihre Kompositionen definieren sich zum einen \u00fcber die Raumakustik des Auff\u00fchrungsortes, zum andern jedoch auch aus der Bewegung des Publikums, das die st\u00e4ndig changierenden Strukturen wie eigene Landschaft durchwandert. Der monumentalen &#8230; <a title=\"BR\u00dcCKENMUSIK 2009\" class=\"read-more\" href=\"https:\/\/www.brueckenmusik.de\/?p=197\" aria-label=\"Read more about BR\u00dcCKENMUSIK 2009\">Read more<\/a><\/p>\n","protected":false},"author":1,"featured_media":0,"comment_status":"closed","ping_status":"closed","sticky":false,"template":"","format":"standard","meta":{"footnotes":""},"categories":[84],"tags":[],"class_list":["post-197","post","type-post","status-publish","format-standard","hentry","category-text-2009"],"_links":{"self":[{"href":"https:\/\/www.brueckenmusik.de\/index.php?rest_route=\/wp\/v2\/posts\/197","targetHints":{"allow":["GET"]}}],"collection":[{"href":"https:\/\/www.brueckenmusik.de\/index.php?rest_route=\/wp\/v2\/posts"}],"about":[{"href":"https:\/\/www.brueckenmusik.de\/index.php?rest_route=\/wp\/v2\/types\/post"}],"author":[{"embeddable":true,"href":"https:\/\/www.brueckenmusik.de\/index.php?rest_route=\/wp\/v2\/users\/1"}],"replies":[{"embeddable":true,"href":"https:\/\/www.brueckenmusik.de\/index.php?rest_route=%2Fwp%2Fv2%2Fcomments&post=197"}],"version-history":[{"count":0,"href":"https:\/\/www.brueckenmusik.de\/index.php?rest_route=\/wp\/v2\/posts\/197\/revisions"}],"wp:attachment":[{"href":"https:\/\/www.brueckenmusik.de\/index.php?rest_route=%2Fwp%2Fv2%2Fmedia&parent=197"}],"wp:term":[{"taxonomy":"category","embeddable":true,"href":"https:\/\/www.brueckenmusik.de\/index.php?rest_route=%2Fwp%2Fv2%2Fcategories&post=197"},{"taxonomy":"post_tag","embeddable":true,"href":"https:\/\/www.brueckenmusik.de\/index.php?rest_route=%2Fwp%2Fv2%2Ftags&post=197"}],"curies":[{"name":"wp","href":"https:\/\/api.w.org\/{rel}","templated":true}]}}