{"id":242,"date":"2010-05-23T09:40:29","date_gmt":"2010-05-23T07:40:29","guid":{"rendered":"http:\/\/www.brueckenmusik.de\/?p=242"},"modified":"2010-05-23T09:40:29","modified_gmt":"2010-05-23T07:40:29","slug":"oxana-omelchuk-2","status":"publish","type":"post","link":"https:\/\/www.brueckenmusik.de\/?p=242","title":{"rendered":"OXANA OMELCHUK"},"content":{"rendered":"<p>1975 in Weissrussland geboren, absolvierte Oxana Omelchuk ihr Magisterstudium im Fach Komposition bei Prof. Johannes Fritsch. Heute studiert sie Elektronische Komposition bei Prof. Michael Beil an der HfMT K\u00f6ln. Urauff\u00fchrungen bei verschiedenen Festivals (u.a. Romanischer Sommer 2005, \u201e3. Art \u201eWuppertal 2005, junge biennale K\u00f6ln 2008 und 2010), Zusammenarbeit mit dem Ensemble musikFabrik (K\u00f6ln), Ensemble H\u00f6rsinn (M\u00fcnster), Sendungen im Rundfunk (WDR 3, SWR 5), Ensemblemitglied bei Ensembles gRoBa, Singende Landschaftsmaler, Fantasmophonika (K\u00f6ln). Vierschiedene Preise und Stipendien (u.a. DAAD-Stipendium 2003, Bernd-Alois-Zimmermann-Stipendium der Stadt K\u00f6ln 2006, Aufenthalts- Stipendium im K\u00fcnstlerdorf Sch\u00f6ppingen 2007, Baldreit-Stipendium der Stadt Baden-Baden 2009). Lebt in K\u00f6ln.<\/p>\n","protected":false},"excerpt":{"rendered":"<p>1975 in Weissrussland geboren, absolvierte Oxana Omelchuk ihr Magisterstudium im Fach Komposition bei Prof. Johannes Fritsch. Heute studiert sie Elektronische Komposition bei Prof. Michael Beil an der HfMT K\u00f6ln. Urauff\u00fchrungen bei verschiedenen Festivals (u.a. Romanischer Sommer 2005, \u201e3. Art \u201eWuppertal 2005, junge biennale K\u00f6ln 2008 und 2010), Zusammenarbeit mit dem Ensemble musikFabrik (K\u00f6ln), Ensemble H\u00f6rsinn &#8230; <a title=\"OXANA OMELCHUK\" class=\"read-more\" href=\"https:\/\/www.brueckenmusik.de\/?p=242\" aria-label=\"Read more about OXANA OMELCHUK\">Read more<\/a><\/p>\n","protected":false},"author":1,"featured_media":0,"comment_status":"closed","ping_status":"closed","sticky":false,"template":"","format":"standard","meta":{"footnotes":""},"categories":[2,75],"tags":[],"class_list":["post-242","post","type-post","status-publish","format-standard","hentry","category-kunstler","category-omelchuk-oxana"],"_links":{"self":[{"href":"https:\/\/www.brueckenmusik.de\/index.php?rest_route=\/wp\/v2\/posts\/242","targetHints":{"allow":["GET"]}}],"collection":[{"href":"https:\/\/www.brueckenmusik.de\/index.php?rest_route=\/wp\/v2\/posts"}],"about":[{"href":"https:\/\/www.brueckenmusik.de\/index.php?rest_route=\/wp\/v2\/types\/post"}],"author":[{"embeddable":true,"href":"https:\/\/www.brueckenmusik.de\/index.php?rest_route=\/wp\/v2\/users\/1"}],"replies":[{"embeddable":true,"href":"https:\/\/www.brueckenmusik.de\/index.php?rest_route=%2Fwp%2Fv2%2Fcomments&post=242"}],"version-history":[{"count":0,"href":"https:\/\/www.brueckenmusik.de\/index.php?rest_route=\/wp\/v2\/posts\/242\/revisions"}],"wp:attachment":[{"href":"https:\/\/www.brueckenmusik.de\/index.php?rest_route=%2Fwp%2Fv2%2Fmedia&parent=242"}],"wp:term":[{"taxonomy":"category","embeddable":true,"href":"https:\/\/www.brueckenmusik.de\/index.php?rest_route=%2Fwp%2Fv2%2Fcategories&post=242"},{"taxonomy":"post_tag","embeddable":true,"href":"https:\/\/www.brueckenmusik.de\/index.php?rest_route=%2Fwp%2Fv2%2Ftags&post=242"}],"curies":[{"name":"wp","href":"https:\/\/api.w.org\/{rel}","templated":true}]}}