{"id":259,"date":"2010-05-23T09:51:02","date_gmt":"2010-05-23T07:51:02","guid":{"rendered":"http:\/\/www.brueckenmusik.de\/?p=259"},"modified":"2010-05-23T09:51:02","modified_gmt":"2010-05-23T07:51:02","slug":"sebastian-biskup","status":"publish","type":"post","link":"https:\/\/www.brueckenmusik.de\/?p=259","title":{"rendered":"SEBASTIAN BISKUP"},"content":{"rendered":"<p>Sebastian Biskup, geboren in Minden am 20.7.1977, studierte an der FH-Hannover und machte seinen Meistersch\u00fcler 2005 bei Peter Redeker. Seine Arbeiten wurden u.a. im nieders\u00e4chsischen Ministerium f\u00fcr Wissenschaft und Kultur, der Alten Grammophon, dem Foro Artistico und auf der Plattform #1 des Kunstvereins Hannovers gezeigt.\u00a0 Seit 2006 lebt und arbeitet er in Berlin. 2007 f\u00fchrte er die Performance &#8222;Smalltown Boy&#8220; im Rahmen Sparwasser HQs &#8222;Futurama and re-inventing tradition?&#8220; im Collegium Hungaricum Berlin auf, zudem performte er im Rahmen von Ei Arakawas \u201eRIOTTHE8BARS\u201c in der NGBK, Berlin. Danach folgte eine Einzelausstellung mit seiner Arbeit o.T. (2003\/2007) im Berliner Kunstraum Sumpfhahn, 2008 eine Beteiligung an der Wettbewerbsausstellung \u201eZugumZug 08\u201c der Sparda Bank Hannover und 2009 eine gemeinsame Ausstellung mit Matthias Geitel im berliner Raum von 7 hours.<\/p>\n","protected":false},"excerpt":{"rendered":"<p>Sebastian Biskup, geboren in Minden am 20.7.1977, studierte an der FH-Hannover und machte seinen Meistersch\u00fcler 2005 bei Peter Redeker. Seine Arbeiten wurden u.a. im nieders\u00e4chsischen Ministerium f\u00fcr Wissenschaft und Kultur, der Alten Grammophon, dem Foro Artistico und auf der Plattform #1 des Kunstvereins Hannovers gezeigt.\u00a0 Seit 2006 lebt und arbeitet er in Berlin. 2007 f\u00fchrte &#8230; <a title=\"SEBASTIAN BISKUP\" class=\"read-more\" href=\"https:\/\/www.brueckenmusik.de\/?p=259\" aria-label=\"Read more about SEBASTIAN BISKUP\">Read more<\/a><\/p>\n","protected":false},"author":1,"featured_media":0,"comment_status":"closed","ping_status":"closed","sticky":false,"template":"","format":"standard","meta":{"footnotes":""},"categories":[2,5],"tags":[],"class_list":["post-259","post","type-post","status-publish","format-standard","hentry","category-kunstler","category-biskup-sebastian"],"_links":{"self":[{"href":"https:\/\/www.brueckenmusik.de\/index.php?rest_route=\/wp\/v2\/posts\/259","targetHints":{"allow":["GET"]}}],"collection":[{"href":"https:\/\/www.brueckenmusik.de\/index.php?rest_route=\/wp\/v2\/posts"}],"about":[{"href":"https:\/\/www.brueckenmusik.de\/index.php?rest_route=\/wp\/v2\/types\/post"}],"author":[{"embeddable":true,"href":"https:\/\/www.brueckenmusik.de\/index.php?rest_route=\/wp\/v2\/users\/1"}],"replies":[{"embeddable":true,"href":"https:\/\/www.brueckenmusik.de\/index.php?rest_route=%2Fwp%2Fv2%2Fcomments&post=259"}],"version-history":[{"count":0,"href":"https:\/\/www.brueckenmusik.de\/index.php?rest_route=\/wp\/v2\/posts\/259\/revisions"}],"wp:attachment":[{"href":"https:\/\/www.brueckenmusik.de\/index.php?rest_route=%2Fwp%2Fv2%2Fmedia&parent=259"}],"wp:term":[{"taxonomy":"category","embeddable":true,"href":"https:\/\/www.brueckenmusik.de\/index.php?rest_route=%2Fwp%2Fv2%2Fcategories&post=259"},{"taxonomy":"post_tag","embeddable":true,"href":"https:\/\/www.brueckenmusik.de\/index.php?rest_route=%2Fwp%2Fv2%2Ftags&post=259"}],"curies":[{"name":"wp","href":"https:\/\/api.w.org\/{rel}","templated":true}]}}