{"id":2755,"date":"2023-06-13T17:55:06","date_gmt":"2023-06-13T15:55:06","guid":{"rendered":"http:\/\/www.brueckenmusik.de\/?p=2755"},"modified":"2025-04-30T14:07:09","modified_gmt":"2025-04-30T12:07:09","slug":"brueckenmusik-28","status":"publish","type":"post","link":"https:\/\/www.brueckenmusik.de\/?p=2755","title":{"rendered":"Br\u00fcckenmusik 28"},"content":{"rendered":"\n<div class=\"wp-block-columns is-layout-flex wp-container-core-columns-is-layout-9d6595d7 wp-block-columns-is-layout-flex\">\n<div class=\"wp-block-column is-layout-flow wp-block-column-is-layout-flow\">\n<h1 class=\"wp-block-heading\">Br\u00fcckenmusik 28<br>28. Juli\u20136. August <br>2023<br><br>Black Quantum Futurism<br>MIRRORTIMEMIRROR<\/h1>\n\n\n\n<p>Deutzer Br\u00fccke, K\u00f6ln <br>Markmannsgasse<br><em>Toreinfahrt gegen\u00fcber vom Drumcenter Markmannsgasse 9-11 <\/em><br><a href=\"http:\/\/www.brueckenmusik.de\/?page_id=15\">Anfahrt<\/a><\/p>\n\n\n\n<hr class=\"wp-block-separator has-alpha-channel-opacity is-style-wide\"\/>\n\n\n\n<p>Organisation: <br>Heike Ander, Friedemann Dupelius, Meryem Erkus, Sebastian von der Heide, Theresa Nink, Dirk Specht, Volker Zander<\/p>\n\n\n\n<hr class=\"wp-block-separator has-alpha-channel-opacity is-style-wide\"\/>\n\n\n\n<p>Gef\u00f6rdert von:<br>Kulturamt der Stadt K\u00f6ln und dem Ministerium f\u00fcr Kultur und Wissenschaft des Landes Nordrhein-Westfalen.<\/p>\n\n\n\n<hr class=\"wp-block-separator has-alpha-channel-opacity is-style-wide\"\/>\n\n\n\n<figure class=\"wp-block-image size-full\"><img loading=\"lazy\" decoding=\"async\" width=\"696\" height=\"172\" src=\"https:\/\/www.brueckenmusik.de\/BMs\/wp-content\/uploads\/2022\/06\/BM27_logos-1.png\" alt=\"\" class=\"wp-image-2338\" srcset=\"https:\/\/www.brueckenmusik.de\/BMs\/wp-content\/uploads\/2022\/06\/BM27_logos-1.png 696w, https:\/\/www.brueckenmusik.de\/BMs\/wp-content\/uploads\/2022\/06\/BM27_logos-1-300x74.png 300w\" sizes=\"auto, (max-width: 696px) 100vw, 696px\" \/><\/figure>\n<\/div>\n\n\n\n<div class=\"wp-block-column is-layout-flow wp-block-column-is-layout-flow\">\n<figure class=\"wp-block-image size-large\"><img loading=\"lazy\" decoding=\"async\" width=\"726\" height=\"1024\" src=\"https:\/\/www.brueckenmusik.de\/BMs\/wp-content\/uploads\/2023\/06\/BM28V_h_mT-1-726x1024.jpg\" alt=\"\" class=\"wp-image-2819\" srcset=\"https:\/\/www.brueckenmusik.de\/BMs\/wp-content\/uploads\/2023\/06\/BM28V_h_mT-1-726x1024.jpg 726w, https:\/\/www.brueckenmusik.de\/BMs\/wp-content\/uploads\/2023\/06\/BM28V_h_mT-1-213x300.jpg 213w, https:\/\/www.brueckenmusik.de\/BMs\/wp-content\/uploads\/2023\/06\/BM28V_h_mT-1-768x1083.jpg 768w, https:\/\/www.brueckenmusik.de\/BMs\/wp-content\/uploads\/2023\/06\/BM28V_h_mT-1-1090x1536.jpg 1090w, https:\/\/www.brueckenmusik.de\/BMs\/wp-content\/uploads\/2023\/06\/BM28V_h_mT-1.jpg 1240w\" sizes=\"auto, (max-width: 726px) 100vw, 726px\" \/><\/figure>\n\n\n\n<div style=\"height:84px\" aria-hidden=\"true\" class=\"wp-block-spacer\"><\/div>\n\n\n\n<p>en\/ Black Quantum Futurism presents MirrorTimeMirror, a new three-channel sound installation with text, video, and image accompaniment at Br\u00fcckenmusik 28 in Cologne, Germany. Situated within the cavernous segments of the Deutzer Br\u00fccke, MirrorTimeMirror delves into the shadowy depths of time, sound, echo, and light and the ways these phenomena are modified, reversed, and manipulated in the reflection of a mirror to create an alternate reality that exists in its own temporal-spatial plane, parallel to our own.<br><br>Encountering reflections and refractions, distorted and reversed sound waves reminiscent of echoes bouncing off the reflective surfaces, visitors will be able to hear and see glimpses of potential pasts, presents, and futures. MirrorTimeMirror invites us to reflect on our perceptions of time and space by navigating through mirrored time, and to consider the possibilities of what might exist beyond our linear understanding of time.<br><br>Black Quantum Futurism is an interdisciplinary creative practice between Camae Ayewa and Rasheedah Phillips that weaves quantum physics, Afrofuturism, and Afrodiasporic concepts of time, ritual, text, and sound to create counter-histories and Black Quantum Womanist futures that challenge exclusionary mainstream versions of history and the future. Black Quantum Futurism has created a range of community-based projects, performances, experimental music projects, installations, workshops, books, short films, and zines, including the award-winning Community Futures Lab and the Black Woman Temporal Portal. BQF has presented, exhibited, and performed at documenta fifteen (Kassel, 2022), Chicago Architecture Biennial (2019), Village of Art &amp; Humanities (Philadelphia, 2021), Manifesta 13 (Marseille, 2020), ApexArt NYC (2020), ICA London (2019), Metropolitan Museum of Art (NY, 2019), MoMA PS1 (NY, 2017), and more.<\/p>\n<\/div>\n\n\n\n<div class=\"wp-block-column is-layout-flow wp-block-column-is-layout-flow\">\n<p>Mit MirrorTimeMirror pr\u00e4sentiert das K\u00fcnstler:innenkollektiv Black Quantum Futurism im Hohlk\u00f6rper der Deutzer Br\u00fccke eine komplexe Klang- und Videoinstallation, die sich mit den schattenhaften Tiefen von Zeit, Klang, Echo und Licht auseinandersetzt. Diese Ph\u00e4nomene k\u00f6nnen in der Reflexion eines Spiegels ver\u00e4ndert, verfremdet und manipuliert werden, um eine Realit\u00e4t zu erschaffen, die in einer eigenen Raum-Zeit-Ebene parallel zu unserer eigenen zu existieren scheint.<br><br>Durch die Begegnung mit Spiegelungen, Lichtbrechungen und verzerrten, umgekehrten Kl\u00e4ngen, die an Echos erinnern und von den Br\u00fcckenw\u00e4nden reflektiert werden, erhalten die Besucher:innen Einblicke in potentiell m\u00f6gliche Vergangenheiten, Gegenwarte und Zuk\u00fcnfte. MirrorTimeMirror l\u00e4dt dazu ein, \u00fcber unsere Wahrnehmung von Zeit und Raum nachzudenken, indem man durch eine Spiegelzeit navigiert und alle M\u00f6glichkeiten in Betracht zieht, was jenseits unseres linearen Zeitverst\u00e4ndnisses existieren k\u00f6nnte.<\/p>\n\n\n\n<p>Black Quantum Futurism ist das interdisziplin\u00e4re k\u00fcnstlerische Projekt von Camae Ayewa und Rasheedah Phillips, das Quantenphysik, Afrofuturismus und afrodiasporische Zeit-, Ritual-, Text- und Klangkonzepte miteinander verbindet, um Gegenerz\u00e4hlungen und Black Quantum Womanist Futures zu erschaffen, die etablierte Geschichtsnarrative \u00fcber historisch marginalisierte Menschen in Frage stellen. Black Quantum Futurism haben ihre Arbeiten in zahlreichen internationalen Ausstellungen gezeigt, darunter in Institutionen wie documenta fifteen (Kassel, 2022), Village of Art &amp; Humanities (Philadelphia, 2021), Manifesta 13 (Marseille, 2020), ApexArt NYC (2020), ICA London (2019), Metropolitan Museum of Art (NY, 2019), Chicago Architecture Biennial (2019), MoMA PS1 (NY, 2017) und vielen anderen.<\/p>\n\n\n\n<figure class=\"wp-block-image size-large\"><a href=\"http:\/\/www.brueckenmusik.de\/BMs\/wp-content\/uploads\/2023\/06\/Black-Quantum-Futurism-2023-copyright-Erica-Weitz-scaled-1.jpg\"><img decoding=\"async\" src=\"http:\/\/www.brueckenmusik.de\/BMs\/wp-content\/uploads\/2023\/06\/Black-Quantum-Futurism-2023-copyright-Erica-Weitz--811x1024.jpg\" alt=\"\" class=\"wp-image-2808\"\/><\/a><figcaption class=\"wp-element-caption\">Black Quantum Futurism 2023 <br>Foto\u00a9Erica Weitz<\/figcaption><\/figure>\n<\/div>\n<\/div>\n\n\n\n<hr class=\"wp-block-separator has-alpha-channel-opacity is-style-wide\"\/>\n\n\n\n<p>ARCHIV 2023<\/p>\n\n\n\n<p>Fotos von Almut Elhardt<\/p>\n\n\n\n<figure class=\"wp-block-gallery has-nested-images columns-default is-cropped wp-block-gallery-1 is-layout-flex wp-block-gallery-is-layout-flex\">\n<figure class=\"wp-block-image size-large\"><img loading=\"lazy\" decoding=\"async\" width=\"1024\" height=\"819\" data-id=\"3066\" src=\"https:\/\/www.brueckenmusik.de\/BMs\/wp-content\/uploads\/2023\/06\/BM28_A740552_08-1024x819.jpg\" alt=\"\" class=\"wp-image-3066\" srcset=\"https:\/\/www.brueckenmusik.de\/BMs\/wp-content\/uploads\/2023\/06\/BM28_A740552_08-1024x819.jpg 1024w, https:\/\/www.brueckenmusik.de\/BMs\/wp-content\/uploads\/2023\/06\/BM28_A740552_08-300x240.jpg 300w, https:\/\/www.brueckenmusik.de\/BMs\/wp-content\/uploads\/2023\/06\/BM28_A740552_08-768x614.jpg 768w, https:\/\/www.brueckenmusik.de\/BMs\/wp-content\/uploads\/2023\/06\/BM28_A740552_08-1536x1229.jpg 1536w, https:\/\/www.brueckenmusik.de\/BMs\/wp-content\/uploads\/2023\/06\/BM28_A740552_08-2048x1638.jpg 2048w\" sizes=\"auto, (max-width: 1024px) 100vw, 1024px\" \/><\/figure>\n\n\n\n<figure class=\"wp-block-image size-large\"><img loading=\"lazy\" decoding=\"async\" width=\"1024\" height=\"819\" data-id=\"3071\" src=\"https:\/\/www.brueckenmusik.de\/BMs\/wp-content\/uploads\/2023\/06\/BM28_A740757_13-1024x819.jpg\" alt=\"\" class=\"wp-image-3071\" srcset=\"https:\/\/www.brueckenmusik.de\/BMs\/wp-content\/uploads\/2023\/06\/BM28_A740757_13-1024x819.jpg 1024w, https:\/\/www.brueckenmusik.de\/BMs\/wp-content\/uploads\/2023\/06\/BM28_A740757_13-300x240.jpg 300w, https:\/\/www.brueckenmusik.de\/BMs\/wp-content\/uploads\/2023\/06\/BM28_A740757_13-768x614.jpg 768w, https:\/\/www.brueckenmusik.de\/BMs\/wp-content\/uploads\/2023\/06\/BM28_A740757_13-1536x1229.jpg 1536w, https:\/\/www.brueckenmusik.de\/BMs\/wp-content\/uploads\/2023\/06\/BM28_A740757_13-2048x1638.jpg 2048w\" sizes=\"auto, (max-width: 1024px) 100vw, 1024px\" \/><\/figure>\n\n\n\n<figure class=\"wp-block-image size-large\"><img loading=\"lazy\" decoding=\"async\" width=\"1024\" height=\"819\" data-id=\"3061\" src=\"https:\/\/www.brueckenmusik.de\/BMs\/wp-content\/uploads\/2023\/06\/BM28_A740291_02-1024x819.jpg\" alt=\"\" class=\"wp-image-3061\" srcset=\"https:\/\/www.brueckenmusik.de\/BMs\/wp-content\/uploads\/2023\/06\/BM28_A740291_02-1024x819.jpg 1024w, https:\/\/www.brueckenmusik.de\/BMs\/wp-content\/uploads\/2023\/06\/BM28_A740291_02-300x240.jpg 300w, https:\/\/www.brueckenmusik.de\/BMs\/wp-content\/uploads\/2023\/06\/BM28_A740291_02-768x614.jpg 768w, https:\/\/www.brueckenmusik.de\/BMs\/wp-content\/uploads\/2023\/06\/BM28_A740291_02-1536x1229.jpg 1536w, https:\/\/www.brueckenmusik.de\/BMs\/wp-content\/uploads\/2023\/06\/BM28_A740291_02-2048x1638.jpg 2048w\" sizes=\"auto, (max-width: 1024px) 100vw, 1024px\" \/><\/figure>\n\n\n\n<figure class=\"wp-block-image size-large\"><img loading=\"lazy\" decoding=\"async\" width=\"1024\" height=\"683\" data-id=\"3060\" src=\"https:\/\/www.brueckenmusik.de\/BMs\/wp-content\/uploads\/2023\/06\/BM28_A740269_01-1024x683.jpg\" alt=\"\" class=\"wp-image-3060\" srcset=\"https:\/\/www.brueckenmusik.de\/BMs\/wp-content\/uploads\/2023\/06\/BM28_A740269_01-1024x683.jpg 1024w, https:\/\/www.brueckenmusik.de\/BMs\/wp-content\/uploads\/2023\/06\/BM28_A740269_01-300x200.jpg 300w, https:\/\/www.brueckenmusik.de\/BMs\/wp-content\/uploads\/2023\/06\/BM28_A740269_01-768x512.jpg 768w, https:\/\/www.brueckenmusik.de\/BMs\/wp-content\/uploads\/2023\/06\/BM28_A740269_01-1536x1024.jpg 1536w, https:\/\/www.brueckenmusik.de\/BMs\/wp-content\/uploads\/2023\/06\/BM28_A740269_01-2048x1365.jpg 2048w\" sizes=\"auto, (max-width: 1024px) 100vw, 1024px\" \/><\/figure>\n\n\n\n<figure class=\"wp-block-image size-large\"><img loading=\"lazy\" decoding=\"async\" width=\"1024\" height=\"819\" data-id=\"3070\" src=\"https:\/\/www.brueckenmusik.de\/BMs\/wp-content\/uploads\/2023\/06\/BM28_A740574_09-1024x819.jpg\" alt=\"\" class=\"wp-image-3070\" srcset=\"https:\/\/www.brueckenmusik.de\/BMs\/wp-content\/uploads\/2023\/06\/BM28_A740574_09-1024x819.jpg 1024w, https:\/\/www.brueckenmusik.de\/BMs\/wp-content\/uploads\/2023\/06\/BM28_A740574_09-300x240.jpg 300w, https:\/\/www.brueckenmusik.de\/BMs\/wp-content\/uploads\/2023\/06\/BM28_A740574_09-768x614.jpg 768w, https:\/\/www.brueckenmusik.de\/BMs\/wp-content\/uploads\/2023\/06\/BM28_A740574_09-1536x1229.jpg 1536w, https:\/\/www.brueckenmusik.de\/BMs\/wp-content\/uploads\/2023\/06\/BM28_A740574_09-2048x1638.jpg 2048w\" sizes=\"auto, (max-width: 1024px) 100vw, 1024px\" \/><\/figure>\n\n\n\n<figure class=\"wp-block-image size-large\"><img loading=\"lazy\" decoding=\"async\" width=\"1024\" height=\"819\" data-id=\"3072\" src=\"https:\/\/www.brueckenmusik.de\/BMs\/wp-content\/uploads\/2023\/06\/BM28_A740727_14-1024x819.jpg\" alt=\"\" class=\"wp-image-3072\" srcset=\"https:\/\/www.brueckenmusik.de\/BMs\/wp-content\/uploads\/2023\/06\/BM28_A740727_14-1024x819.jpg 1024w, https:\/\/www.brueckenmusik.de\/BMs\/wp-content\/uploads\/2023\/06\/BM28_A740727_14-300x240.jpg 300w, https:\/\/www.brueckenmusik.de\/BMs\/wp-content\/uploads\/2023\/06\/BM28_A740727_14-768x614.jpg 768w, https:\/\/www.brueckenmusik.de\/BMs\/wp-content\/uploads\/2023\/06\/BM28_A740727_14-1536x1229.jpg 1536w, https:\/\/www.brueckenmusik.de\/BMs\/wp-content\/uploads\/2023\/06\/BM28_A740727_14-2048x1638.jpg 2048w\" sizes=\"auto, (max-width: 1024px) 100vw, 1024px\" \/><\/figure>\n\n\n\n<figure class=\"wp-block-image size-large\"><img loading=\"lazy\" decoding=\"async\" width=\"1024\" height=\"819\" data-id=\"3062\" src=\"https:\/\/www.brueckenmusik.de\/BMs\/wp-content\/uploads\/2023\/06\/BM28_A740338_04-1024x819.jpg\" alt=\"\" class=\"wp-image-3062\" srcset=\"https:\/\/www.brueckenmusik.de\/BMs\/wp-content\/uploads\/2023\/06\/BM28_A740338_04-1024x819.jpg 1024w, https:\/\/www.brueckenmusik.de\/BMs\/wp-content\/uploads\/2023\/06\/BM28_A740338_04-300x240.jpg 300w, https:\/\/www.brueckenmusik.de\/BMs\/wp-content\/uploads\/2023\/06\/BM28_A740338_04-768x614.jpg 768w, https:\/\/www.brueckenmusik.de\/BMs\/wp-content\/uploads\/2023\/06\/BM28_A740338_04-1536x1229.jpg 1536w, https:\/\/www.brueckenmusik.de\/BMs\/wp-content\/uploads\/2023\/06\/BM28_A740338_04-2048x1638.jpg 2048w\" sizes=\"auto, (max-width: 1024px) 100vw, 1024px\" \/><\/figure>\n\n\n\n<figure class=\"wp-block-image size-large\"><img loading=\"lazy\" decoding=\"async\" width=\"1024\" height=\"819\" data-id=\"3064\" src=\"https:\/\/www.brueckenmusik.de\/BMs\/wp-content\/uploads\/2023\/06\/BM28_A740401_05-1024x819.jpg\" alt=\"\" class=\"wp-image-3064\" srcset=\"https:\/\/www.brueckenmusik.de\/BMs\/wp-content\/uploads\/2023\/06\/BM28_A740401_05-1024x819.jpg 1024w, https:\/\/www.brueckenmusik.de\/BMs\/wp-content\/uploads\/2023\/06\/BM28_A740401_05-300x240.jpg 300w, https:\/\/www.brueckenmusik.de\/BMs\/wp-content\/uploads\/2023\/06\/BM28_A740401_05-768x614.jpg 768w, https:\/\/www.brueckenmusik.de\/BMs\/wp-content\/uploads\/2023\/06\/BM28_A740401_05-1536x1229.jpg 1536w, https:\/\/www.brueckenmusik.de\/BMs\/wp-content\/uploads\/2023\/06\/BM28_A740401_05-2048x1638.jpg 2048w\" sizes=\"auto, (max-width: 1024px) 100vw, 1024px\" \/><\/figure>\n\n\n\n<figure class=\"wp-block-image size-large\"><img loading=\"lazy\" decoding=\"async\" width=\"1024\" height=\"819\" data-id=\"3067\" src=\"https:\/\/www.brueckenmusik.de\/BMs\/wp-content\/uploads\/2023\/06\/BM28_A740660_10-1024x819.jpg\" alt=\"\" class=\"wp-image-3067\" srcset=\"https:\/\/www.brueckenmusik.de\/BMs\/wp-content\/uploads\/2023\/06\/BM28_A740660_10-1024x819.jpg 1024w, https:\/\/www.brueckenmusik.de\/BMs\/wp-content\/uploads\/2023\/06\/BM28_A740660_10-300x240.jpg 300w, https:\/\/www.brueckenmusik.de\/BMs\/wp-content\/uploads\/2023\/06\/BM28_A740660_10-768x614.jpg 768w, https:\/\/www.brueckenmusik.de\/BMs\/wp-content\/uploads\/2023\/06\/BM28_A740660_10-1536x1229.jpg 1536w, https:\/\/www.brueckenmusik.de\/BMs\/wp-content\/uploads\/2023\/06\/BM28_A740660_10-2048x1638.jpg 2048w\" sizes=\"auto, (max-width: 1024px) 100vw, 1024px\" \/><\/figure>\n<\/figure>\n\n\n\n<hr class=\"wp-block-separator has-alpha-channel-opacity is-style-wide\"\/>\n\n\n\n<p>ARCHIV 2023<\/p>\n\n\n\n<p>Fotos von Albrecht Fuchs<\/p>\n\n\n\n<div class=\"wp-block-columns is-layout-flex wp-container-core-columns-is-layout-9d6595d7 wp-block-columns-is-layout-flex\">\n<div class=\"wp-block-column is-layout-flow wp-block-column-is-layout-flow\">\n<figure class=\"wp-block-image size-large\"><img loading=\"lazy\" decoding=\"async\" width=\"859\" height=\"1024\" src=\"https:\/\/www.brueckenmusik.de\/BMs\/wp-content\/uploads\/2023\/06\/BM28_DSCF6377\u00a9AlbrechtFuchs-859x1024.jpg\" alt=\"\" class=\"wp-image-3073\" srcset=\"https:\/\/www.brueckenmusik.de\/BMs\/wp-content\/uploads\/2023\/06\/BM28_DSCF6377\u00a9AlbrechtFuchs-859x1024.jpg 859w, https:\/\/www.brueckenmusik.de\/BMs\/wp-content\/uploads\/2023\/06\/BM28_DSCF6377\u00a9AlbrechtFuchs-252x300.jpg 252w, https:\/\/www.brueckenmusik.de\/BMs\/wp-content\/uploads\/2023\/06\/BM28_DSCF6377\u00a9AlbrechtFuchs-768x915.jpg 768w, https:\/\/www.brueckenmusik.de\/BMs\/wp-content\/uploads\/2023\/06\/BM28_DSCF6377\u00a9AlbrechtFuchs-1289x1536.jpg 1289w, https:\/\/www.brueckenmusik.de\/BMs\/wp-content\/uploads\/2023\/06\/BM28_DSCF6377\u00a9AlbrechtFuchs.jpg 1600w\" sizes=\"auto, (max-width: 859px) 100vw, 859px\" \/><\/figure>\n<\/div>\n\n\n\n<div class=\"wp-block-column is-layout-flow wp-block-column-is-layout-flow\">\n<figure class=\"wp-block-image size-large\"><img loading=\"lazy\" decoding=\"async\" width=\"763\" height=\"1024\" src=\"https:\/\/www.brueckenmusik.de\/BMs\/wp-content\/uploads\/2023\/06\/BM28_DSCF6389_\u00a9AlbrechtFuchs-763x1024.jpg\" alt=\"\" class=\"wp-image-3074\" srcset=\"https:\/\/www.brueckenmusik.de\/BMs\/wp-content\/uploads\/2023\/06\/BM28_DSCF6389_\u00a9AlbrechtFuchs-763x1024.jpg 763w, https:\/\/www.brueckenmusik.de\/BMs\/wp-content\/uploads\/2023\/06\/BM28_DSCF6389_\u00a9AlbrechtFuchs-224x300.jpg 224w, https:\/\/www.brueckenmusik.de\/BMs\/wp-content\/uploads\/2023\/06\/BM28_DSCF6389_\u00a9AlbrechtFuchs-768x1031.jpg 768w, https:\/\/www.brueckenmusik.de\/BMs\/wp-content\/uploads\/2023\/06\/BM28_DSCF6389_\u00a9AlbrechtFuchs-1145x1536.jpg 1145w, https:\/\/www.brueckenmusik.de\/BMs\/wp-content\/uploads\/2023\/06\/BM28_DSCF6389_\u00a9AlbrechtFuchs-1526x2048.jpg 1526w, https:\/\/www.brueckenmusik.de\/BMs\/wp-content\/uploads\/2023\/06\/BM28_DSCF6389_\u00a9AlbrechtFuchs.jpg 1600w\" sizes=\"auto, (max-width: 763px) 100vw, 763px\" \/><\/figure>\n<\/div>\n\n\n\n<div class=\"wp-block-column is-layout-flow wp-block-column-is-layout-flow\"><\/div>\n<\/div>\n","protected":false},"excerpt":{"rendered":"<p>Br\u00fcckenmusik 2828. Juli\u20136. August 2023 Black Quantum FuturismMIRRORTIMEMIRROR Deutzer Br\u00fccke, K\u00f6ln MarkmannsgasseToreinfahrt gegen\u00fcber vom Drumcenter Markmannsgasse 9-11 Anfahrt Organisation: Heike Ander, Friedemann Dupelius, Meryem Erkus, Sebastian von der Heide, Theresa Nink, Dirk Specht, Volker Zander Gef\u00f6rdert von:Kulturamt der Stadt K\u00f6ln und dem Ministerium f\u00fcr Kultur und Wissenschaft des Landes Nordrhein-Westfalen. en\/ Black Quantum Futurism presents &#8230; <a title=\"Br\u00fcckenmusik 28\" class=\"read-more\" href=\"https:\/\/www.brueckenmusik.de\/?p=2755\" aria-label=\"Read more about Br\u00fcckenmusik 28\">Read more<\/a><\/p>\n","protected":false},"author":1,"featured_media":0,"comment_status":"closed","ping_status":"closed","sticky":false,"template":"","format":"standard","meta":{"footnotes":""},"categories":[34],"tags":[],"class_list":["post-2755","post","type-post","status-publish","format-standard","hentry","category-bm28-2023"],"_links":{"self":[{"href":"https:\/\/www.brueckenmusik.de\/index.php?rest_route=\/wp\/v2\/posts\/2755","targetHints":{"allow":["GET"]}}],"collection":[{"href":"https:\/\/www.brueckenmusik.de\/index.php?rest_route=\/wp\/v2\/posts"}],"about":[{"href":"https:\/\/www.brueckenmusik.de\/index.php?rest_route=\/wp\/v2\/types\/post"}],"author":[{"embeddable":true,"href":"https:\/\/www.brueckenmusik.de\/index.php?rest_route=\/wp\/v2\/users\/1"}],"replies":[{"embeddable":true,"href":"https:\/\/www.brueckenmusik.de\/index.php?rest_route=%2Fwp%2Fv2%2Fcomments&post=2755"}],"version-history":[{"count":10,"href":"https:\/\/www.brueckenmusik.de\/index.php?rest_route=\/wp\/v2\/posts\/2755\/revisions"}],"predecessor-version":[{"id":3079,"href":"https:\/\/www.brueckenmusik.de\/index.php?rest_route=\/wp\/v2\/posts\/2755\/revisions\/3079"}],"wp:attachment":[{"href":"https:\/\/www.brueckenmusik.de\/index.php?rest_route=%2Fwp%2Fv2%2Fmedia&parent=2755"}],"wp:term":[{"taxonomy":"category","embeddable":true,"href":"https:\/\/www.brueckenmusik.de\/index.php?rest_route=%2Fwp%2Fv2%2Fcategories&post=2755"},{"taxonomy":"post_tag","embeddable":true,"href":"https:\/\/www.brueckenmusik.de\/index.php?rest_route=%2Fwp%2Fv2%2Ftags&post=2755"}],"curies":[{"name":"wp","href":"https:\/\/api.w.org\/{rel}","templated":true}]}}