{"id":2846,"date":"2024-06-12T14:13:44","date_gmt":"2024-06-12T12:13:44","guid":{"rendered":"https:\/\/www.brueckenmusik.de\/?p=2846"},"modified":"2024-11-18T14:24:25","modified_gmt":"2024-11-18T13:24:25","slug":"brueckenmusik-29","status":"publish","type":"post","link":"https:\/\/www.brueckenmusik.de\/?p=2846","title":{"rendered":"Br\u00fcckenmusik 29"},"content":{"rendered":"\n<div class=\"wp-block-columns is-layout-flex wp-container-core-columns-is-layout-9d6595d7 wp-block-columns-is-layout-flex\">\n<div class=\"wp-block-column is-layout-flow wp-block-column-is-layout-flow\">\n<h1 class=\"wp-block-heading\">Br\u00fcckenmusik 29<br>9.\u2013 18. August 2024<br><br>Vica Pacheco<br>OCCARESCENCIA<\/h1>\n\n\n\n<p>Deutzer Br\u00fccke, K\u00f6ln <br>Markmannsgasse<br><em>Toreinfahrt gegen\u00fcber vom Drumcenter Markmannsgasse 9-11 <\/em><br><a href=\"http:\/\/www.brueckenmusik.de\/?page_id=15\">Anfahrt<\/a><\/p>\n\n\n\n<hr class=\"wp-block-separator has-alpha-channel-opacity is-style-wide\"\/>\n\n\n\n<p>Er\u00f6ffnung<br>Freitag<br>9. August 2024 <br>19\u201423 h<\/p>\n\n\n\n<hr class=\"wp-block-separator has-alpha-channel-opacity is-style-wide\"\/>\n\n\n\n<p><\/p>\n\n\n\n<p>Seit 1995 zeigt die freie Initiative Br\u00fcckenmusik jeden Sommer f\u00fcr 10 Tage installative Klangkunst im 550m langen Hohlk\u00f6rper der Deutzer Br\u00fccke mit ihren einmaligen akustischen Eigenschaften. St\u00fcndliche F\u00fchrungen f\u00fcr eine limitierte Anzahl von Besuchenden machen die Br\u00fcckenmusik in dieser ganz eigenen Umgebung zu einem besonderen Klangereignis.<\/p>\n\n\n\n<hr class=\"wp-block-separator has-alpha-channel-opacity is-style-wide\"\/>\n\n\n\n<p><em>en\/Every summer since 1995, the independent initiative Br\u00fcckenmusik has been presenting sound art installations in the 550 metre long hollow body of the Deutzer Bridge with its outstanding acoustic properties. Guided tours for a limited number of visitors make Br\u00fcckenmusik a unique sound event in this outstanding environment.<\/em><\/p>\n\n\n\n<hr class=\"wp-block-separator has-alpha-channel-opacity is-style-wide\"\/>\n\n\n\n<p>Organisation\/<em>Organization<\/em>:<br>Heike Ander, Friedemann Dupelius, Meryem Erkus, Sebastian von der Heide, Theresa Nink, Dirk Specht, Volker Zander<\/p>\n\n\n\n<p>Technische Umsetzung\/Technical realization: \u00c9lie Bolard<\/p>\n\n\n\n<hr class=\"wp-block-separator has-alpha-channel-opacity is-style-wide\"\/>\n\n\n\n<p>Gef\u00f6rdert von\/<em>Supported by:<\/em><br>Kulturamt der Stadt K\u00f6ln und Ministerium f\u00fcr Kultur und Wissenschaft des Landes Nordrhein-Westfalen.<\/p>\n\n\n\n<hr class=\"wp-block-separator has-alpha-channel-opacity is-style-wide\"\/>\n\n\n\n<figure class=\"wp-block-image size-full\"><img loading=\"lazy\" decoding=\"async\" width=\"696\" height=\"172\" src=\"https:\/\/www.brueckenmusik.de\/BMs\/wp-content\/uploads\/2022\/06\/BM27_logos-1.png\" alt=\"\" class=\"wp-image-2338\" srcset=\"https:\/\/www.brueckenmusik.de\/BMs\/wp-content\/uploads\/2022\/06\/BM27_logos-1.png 696w, https:\/\/www.brueckenmusik.de\/BMs\/wp-content\/uploads\/2022\/06\/BM27_logos-1-300x74.png 300w\" sizes=\"auto, (max-width: 696px) 100vw, 696px\" \/><\/figure>\n<\/div>\n\n\n\n<div class=\"wp-block-column is-layout-flow wp-block-column-is-layout-flow\">\n<figure class=\"wp-block-image size-large\"><img loading=\"lazy\" decoding=\"async\" width=\"726\" height=\"1024\" src=\"https:\/\/www.brueckenmusik.de\/BMs\/wp-content\/uploads\/2024\/06\/BM29_A6-2024_x-726x1024.png\" alt=\"\" class=\"wp-image-2876\" srcset=\"https:\/\/www.brueckenmusik.de\/BMs\/wp-content\/uploads\/2024\/06\/BM29_A6-2024_x-726x1024.png 726w, https:\/\/www.brueckenmusik.de\/BMs\/wp-content\/uploads\/2024\/06\/BM29_A6-2024_x-213x300.png 213w, https:\/\/www.brueckenmusik.de\/BMs\/wp-content\/uploads\/2024\/06\/BM29_A6-2024_x-768x1083.png 768w, https:\/\/www.brueckenmusik.de\/BMs\/wp-content\/uploads\/2024\/06\/BM29_A6-2024_x-1090x1536.png 1090w, https:\/\/www.brueckenmusik.de\/BMs\/wp-content\/uploads\/2024\/06\/BM29_A6-2024_x.png 1240w\" sizes=\"auto, (max-width: 726px) 100vw, 726px\" \/><\/figure>\n\n\n\n<div style=\"height:50px\" aria-hidden=\"true\" class=\"wp-block-spacer\"><\/div>\n\n\n\n<p><em>en\/ With OCCARESCENCIA, the Mexican sound artist and composer Vica Pacheco will develop a sound installation for the Deutzer Br\u00fccke. Vica Pacheco\u2019s process-based works arise from her own intuitive, organic musical practice, which examines objects for their possible sonic significations. Often she develops instruments out of ceramic vessels whose free forms she borrows from pre- Columbian archaeological artefacts. These eclectic, syncretic works combine traditional technologies with futuristic bio-tech fantasies. With her focus on animism, ritual and artisanal knowledge, Vica Pacheco creates heterogeneous soundscapes that point both to the ancient past and the distant future. For OCCARESCENCIA, a neologism coined by the artist to describe the elementary significance of earthen materials, she will combine various elements and found objects that she brings to Cologne from residencies in various countries such as Portugal or Mexico.<\/em><\/p>\n\n\n\n<div style=\"height:50px\" aria-hidden=\"true\" class=\"wp-block-spacer\"><\/div>\n\n\n<div class=\"wp-block-image\">\n<figure class=\"alignleft size-large\"><img loading=\"lazy\" decoding=\"async\" width=\"576\" height=\"1024\" src=\"https:\/\/www.brueckenmusik.de\/BMs\/wp-content\/uploads\/2024\/06\/Image-1-576x1024.jpg\" alt=\"\" class=\"wp-image-2849\" srcset=\"https:\/\/www.brueckenmusik.de\/BMs\/wp-content\/uploads\/2024\/06\/Image-1-576x1024.jpg 576w, https:\/\/www.brueckenmusik.de\/BMs\/wp-content\/uploads\/2024\/06\/Image-1-169x300.jpg 169w, https:\/\/www.brueckenmusik.de\/BMs\/wp-content\/uploads\/2024\/06\/Image-1-768x1365.jpg 768w, https:\/\/www.brueckenmusik.de\/BMs\/wp-content\/uploads\/2024\/06\/Image-1-864x1536.jpg 864w, https:\/\/www.brueckenmusik.de\/BMs\/wp-content\/uploads\/2024\/06\/Image-1.jpg 1152w\" sizes=\"auto, (max-width: 576px) 100vw, 576px\" \/><figcaption class=\"wp-element-caption\">\u00a9 Vica Pacheco<\/figcaption><\/figure>\n<\/div>\n\n\n<div style=\"height:50px\" aria-hidden=\"true\" class=\"wp-block-spacer\"><\/div>\n\n\n\n<p><em>en\/Vica Pacheco (born 1993, Oaxaca) lives and works in Brussels. She initially studied sculpture at La Esmeralda in Mexico City before completing her Bachelor of Fine Arts at Villa Arson in Nice, France, in 2017. Her works and performances have been shown at numerous international festivals, galleries and institutions, including Palais de Tokyo (Paris, F), S\u00f3lida, (Oaxaca, MX), Gaudeamus Festival (Utrecht, NL), Galerie Nordenhake (Mexico City, MX), Hacer Noche (Oaxaca, MX), Rewire (The Hague, NL). Her ceramics and objects are often created in the context of artistic residencies such as iii (instruments inventors initiative) in The Hague, NL or EKWC in Oisterwijk, NL.<\/em><\/p>\n<\/div>\n\n\n\n<div class=\"wp-block-column is-layout-flow wp-block-column-is-layout-flow\">\n<p>Die mexikanische Klangk\u00fcnstlerin und Komponistin Vica Pacheco wird mit OCCARESCENCIA eine Klanginstallation f\u00fcr die Deutzer Br\u00fccke entwickeln. Vica Pachecos prozesshafte Arbeiten entstehen aus einer ihr eigenen intuitiv-organischen Musikpraxis, die Objekte auf ihre m\u00f6glichen klanglichen Bedeutungen hin untersucht. Zu diesem Zweck entwickelt sie beispielsweise Keramikgef\u00e4\u00dfe, deren freie Formen sie arch\u00e4ologischen Alltags- und<br>Zeremonialgegenst\u00e4nden aus pr\u00e4kolumbischer Zeit entlehnt. Diese eklektischsynkretistischen Arbeiten verbinden pr\u00e4hispanische Technologien mit futuristischen Bio-Tech-Phantasien. Mit ihrem Blick auf Animismus, Ritual und handwerkliches Wissen entstehen bei Vica Pacheco heterogene Klangbilder, die sowohl in die ferne Vergangenheit als auch in die weite Zukunft weisen. F\u00fcr OCCARESCENCIA, eine freie Wortsch\u00f6pfung der K\u00fcnstlerin f\u00fcr die elementare Bedeutung irdener Materialien, wird sie verschiedene Elemente<br>und Fundst\u00fccke, die sie von Arbeitsaufenthalten aus verschiedenen L\u00e4ndern wie Portugal oder Mexiko nach K\u00f6ln mitbringt, vor Ort zusammenf\u00fcgen.<br><\/p>\n\n\n\n<div style=\"height:50px\" aria-hidden=\"true\" class=\"wp-block-spacer\"><\/div>\n\n\n\n<figure class=\"wp-block-image size-large\"><img loading=\"lazy\" decoding=\"async\" width=\"768\" height=\"1024\" src=\"https:\/\/www.brueckenmusik.de\/BMs\/wp-content\/uploads\/2024\/06\/BM29_WEB_Vica_Pacheco_\u00a9Albrecht-Fuchs-768x1024.jpg\" alt=\"\" class=\"wp-image-3011\" srcset=\"https:\/\/www.brueckenmusik.de\/BMs\/wp-content\/uploads\/2024\/06\/BM29_WEB_Vica_Pacheco_\u00a9Albrecht-Fuchs-768x1024.jpg 768w, https:\/\/www.brueckenmusik.de\/BMs\/wp-content\/uploads\/2024\/06\/BM29_WEB_Vica_Pacheco_\u00a9Albrecht-Fuchs-225x300.jpg 225w, https:\/\/www.brueckenmusik.de\/BMs\/wp-content\/uploads\/2024\/06\/BM29_WEB_Vica_Pacheco_\u00a9Albrecht-Fuchs.jpg 800w\" sizes=\"auto, (max-width: 768px) 100vw, 768px\" \/><figcaption class=\"wp-element-caption\">\u00a9 Albrecht Fuchs<\/figcaption><\/figure>\n\n\n\n<div style=\"height:50px\" aria-hidden=\"true\" class=\"wp-block-spacer\"><\/div>\n\n\n\n<p>Vica Pacheco (geb. 1993, Oaxaca) lebt und arbeitet in Br\u00fcssel. Sie studierte zun\u00e4chst<br>Bildhauerei an der La Esmeralda in Mexiko-Stadt, bevor sie 2017 ihren Bachelor of Fine Arts an der Villa Arson in Nizza, Frankreich absolvierte. Ihre Werke und Performances waren auf zahlreichen internationalen Festivals, sowie in verschiedenen Galerien und Kunsinstitutionen zu sehen, darunter z. B. Palais de Tokyo (Paris, F), S\u00f3 lida, (Oaxaca, MX), Gaudeamus Festival (Utrecht, NL), Galerie Nordenhake (Mexico City, MX), Hacer Noche (Oaxaca, MX), Rewire (Den Haag, NL). Ihre Keramiken und Objekte entstehen oft im Zusammenhang von k\u00fcnstlerischen Arbeitsaufenthalten wie iii (instruments inventors initiative) in Den Haag, NL oder EKWC in Oisterwijk, NL.<\/p>\n\n\n\n<figure class=\"wp-block-image size-large\"><img loading=\"lazy\" decoding=\"async\" width=\"781\" height=\"1024\" src=\"https:\/\/www.brueckenmusik.de\/BMs\/wp-content\/uploads\/2024\/06\/BM29_FB_manobol_RGB-781x1024.jpg\" alt=\"\" class=\"wp-image-3014\" srcset=\"https:\/\/www.brueckenmusik.de\/BMs\/wp-content\/uploads\/2024\/06\/BM29_FB_manobol_RGB-781x1024.jpg 781w, https:\/\/www.brueckenmusik.de\/BMs\/wp-content\/uploads\/2024\/06\/BM29_FB_manobol_RGB-229x300.jpg 229w, https:\/\/www.brueckenmusik.de\/BMs\/wp-content\/uploads\/2024\/06\/BM29_FB_manobol_RGB-768x1007.jpg 768w, https:\/\/www.brueckenmusik.de\/BMs\/wp-content\/uploads\/2024\/06\/BM29_FB_manobol_RGB-1171x1536.jpg 1171w, https:\/\/www.brueckenmusik.de\/BMs\/wp-content\/uploads\/2024\/06\/BM29_FB_manobol_RGB-1562x2048.jpg 1562w, https:\/\/www.brueckenmusik.de\/BMs\/wp-content\/uploads\/2024\/06\/BM29_FB_manobol_RGB-scaled.jpg 1952w\" sizes=\"auto, (max-width: 781px) 100vw, 781px\" \/><figcaption class=\"wp-element-caption\">\u00a9 Vica Pacheco<\/figcaption><\/figure>\n<\/div>\n<\/div>\n\n\n\n<hr class=\"wp-block-separator has-alpha-channel-opacity is-style-wide\"\/>\n\n\n\n<p>ARCHIV 2024<\/p>\n\n\n\n<p>Fotos von Almut Elhardt<\/p>\n\n\n\n<figure class=\"wp-block-gallery has-nested-images columns-default is-cropped wp-block-gallery-1 is-layout-flex wp-block-gallery-is-layout-flex\">\n<figure class=\"wp-block-image size-large\"><img loading=\"lazy\" decoding=\"async\" width=\"1024\" height=\"683\" data-id=\"3044\" src=\"https:\/\/www.brueckenmusik.de\/BMs\/wp-content\/uploads\/2024\/06\/1MAP_9691-1024x683.jpg\" alt=\"\" class=\"wp-image-3044\" srcset=\"https:\/\/www.brueckenmusik.de\/BMs\/wp-content\/uploads\/2024\/06\/1MAP_9691-1024x683.jpg 1024w, https:\/\/www.brueckenmusik.de\/BMs\/wp-content\/uploads\/2024\/06\/1MAP_9691-300x200.jpg 300w, https:\/\/www.brueckenmusik.de\/BMs\/wp-content\/uploads\/2024\/06\/1MAP_9691-768x512.jpg 768w, https:\/\/www.brueckenmusik.de\/BMs\/wp-content\/uploads\/2024\/06\/1MAP_9691-1536x1024.jpg 1536w, https:\/\/www.brueckenmusik.de\/BMs\/wp-content\/uploads\/2024\/06\/1MAP_9691-2048x1365.jpg 2048w\" sizes=\"auto, (max-width: 1024px) 100vw, 1024px\" \/><\/figure>\n\n\n\n<figure class=\"wp-block-image size-large\"><img loading=\"lazy\" decoding=\"async\" width=\"1024\" height=\"683\" data-id=\"3043\" src=\"https:\/\/www.brueckenmusik.de\/BMs\/wp-content\/uploads\/2024\/06\/2MAP_0146-1024x683.jpg\" alt=\"\" class=\"wp-image-3043\" srcset=\"https:\/\/www.brueckenmusik.de\/BMs\/wp-content\/uploads\/2024\/06\/2MAP_0146-1024x683.jpg 1024w, https:\/\/www.brueckenmusik.de\/BMs\/wp-content\/uploads\/2024\/06\/2MAP_0146-300x200.jpg 300w, https:\/\/www.brueckenmusik.de\/BMs\/wp-content\/uploads\/2024\/06\/2MAP_0146-768x512.jpg 768w, https:\/\/www.brueckenmusik.de\/BMs\/wp-content\/uploads\/2024\/06\/2MAP_0146-1536x1024.jpg 1536w, https:\/\/www.brueckenmusik.de\/BMs\/wp-content\/uploads\/2024\/06\/2MAP_0146-2048x1365.jpg 2048w\" sizes=\"auto, (max-width: 1024px) 100vw, 1024px\" \/><\/figure>\n\n\n\n<figure class=\"wp-block-image size-large\"><img loading=\"lazy\" decoding=\"async\" width=\"1024\" height=\"683\" data-id=\"3040\" src=\"https:\/\/www.brueckenmusik.de\/BMs\/wp-content\/uploads\/2024\/06\/3MAP_0133-1024x683.jpg\" alt=\"\" class=\"wp-image-3040\" srcset=\"https:\/\/www.brueckenmusik.de\/BMs\/wp-content\/uploads\/2024\/06\/3MAP_0133-1024x683.jpg 1024w, https:\/\/www.brueckenmusik.de\/BMs\/wp-content\/uploads\/2024\/06\/3MAP_0133-300x200.jpg 300w, https:\/\/www.brueckenmusik.de\/BMs\/wp-content\/uploads\/2024\/06\/3MAP_0133-768x512.jpg 768w, https:\/\/www.brueckenmusik.de\/BMs\/wp-content\/uploads\/2024\/06\/3MAP_0133-1536x1024.jpg 1536w, https:\/\/www.brueckenmusik.de\/BMs\/wp-content\/uploads\/2024\/06\/3MAP_0133-2048x1365.jpg 2048w\" sizes=\"auto, (max-width: 1024px) 100vw, 1024px\" \/><\/figure>\n\n\n\n<figure class=\"wp-block-image size-large\"><img loading=\"lazy\" decoding=\"async\" width=\"1024\" height=\"683\" data-id=\"3039\" src=\"https:\/\/www.brueckenmusik.de\/BMs\/wp-content\/uploads\/2024\/06\/4MAP_0214-1024x683.jpg\" alt=\"\" class=\"wp-image-3039\" srcset=\"https:\/\/www.brueckenmusik.de\/BMs\/wp-content\/uploads\/2024\/06\/4MAP_0214-1024x683.jpg 1024w, https:\/\/www.brueckenmusik.de\/BMs\/wp-content\/uploads\/2024\/06\/4MAP_0214-300x200.jpg 300w, https:\/\/www.brueckenmusik.de\/BMs\/wp-content\/uploads\/2024\/06\/4MAP_0214-768x512.jpg 768w, https:\/\/www.brueckenmusik.de\/BMs\/wp-content\/uploads\/2024\/06\/4MAP_0214-1536x1024.jpg 1536w, https:\/\/www.brueckenmusik.de\/BMs\/wp-content\/uploads\/2024\/06\/4MAP_0214-2048x1365.jpg 2048w\" sizes=\"auto, (max-width: 1024px) 100vw, 1024px\" \/><\/figure>\n\n\n\n<figure class=\"wp-block-image size-large\"><img loading=\"lazy\" decoding=\"async\" width=\"1024\" height=\"683\" data-id=\"3041\" src=\"https:\/\/www.brueckenmusik.de\/BMs\/wp-content\/uploads\/2024\/06\/5MAP_0016-1024x683.jpg\" alt=\"\" class=\"wp-image-3041\" srcset=\"https:\/\/www.brueckenmusik.de\/BMs\/wp-content\/uploads\/2024\/06\/5MAP_0016-1024x683.jpg 1024w, https:\/\/www.brueckenmusik.de\/BMs\/wp-content\/uploads\/2024\/06\/5MAP_0016-300x200.jpg 300w, https:\/\/www.brueckenmusik.de\/BMs\/wp-content\/uploads\/2024\/06\/5MAP_0016-768x512.jpg 768w, https:\/\/www.brueckenmusik.de\/BMs\/wp-content\/uploads\/2024\/06\/5MAP_0016-1536x1024.jpg 1536w, https:\/\/www.brueckenmusik.de\/BMs\/wp-content\/uploads\/2024\/06\/5MAP_0016-2048x1365.jpg 2048w\" sizes=\"auto, (max-width: 1024px) 100vw, 1024px\" \/><\/figure>\n\n\n\n<figure class=\"wp-block-image size-large\"><img loading=\"lazy\" decoding=\"async\" width=\"1024\" height=\"683\" data-id=\"3042\" src=\"https:\/\/www.brueckenmusik.de\/BMs\/wp-content\/uploads\/2024\/06\/6MAP_0044-1024x683.jpg\" alt=\"\" class=\"wp-image-3042\" srcset=\"https:\/\/www.brueckenmusik.de\/BMs\/wp-content\/uploads\/2024\/06\/6MAP_0044-1024x683.jpg 1024w, https:\/\/www.brueckenmusik.de\/BMs\/wp-content\/uploads\/2024\/06\/6MAP_0044-300x200.jpg 300w, https:\/\/www.brueckenmusik.de\/BMs\/wp-content\/uploads\/2024\/06\/6MAP_0044-768x512.jpg 768w, https:\/\/www.brueckenmusik.de\/BMs\/wp-content\/uploads\/2024\/06\/6MAP_0044-1536x1024.jpg 1536w, https:\/\/www.brueckenmusik.de\/BMs\/wp-content\/uploads\/2024\/06\/6MAP_0044-2048x1365.jpg 2048w\" sizes=\"auto, (max-width: 1024px) 100vw, 1024px\" \/><\/figure>\n\n\n\n<figure class=\"wp-block-image size-large\"><img loading=\"lazy\" decoding=\"async\" width=\"1024\" height=\"683\" data-id=\"3047\" src=\"https:\/\/www.brueckenmusik.de\/BMs\/wp-content\/uploads\/2024\/06\/7MAP_0156-1024x683.jpg\" alt=\"\" class=\"wp-image-3047\" srcset=\"https:\/\/www.brueckenmusik.de\/BMs\/wp-content\/uploads\/2024\/06\/7MAP_0156-1024x683.jpg 1024w, https:\/\/www.brueckenmusik.de\/BMs\/wp-content\/uploads\/2024\/06\/7MAP_0156-300x200.jpg 300w, https:\/\/www.brueckenmusik.de\/BMs\/wp-content\/uploads\/2024\/06\/7MAP_0156-768x512.jpg 768w, https:\/\/www.brueckenmusik.de\/BMs\/wp-content\/uploads\/2024\/06\/7MAP_0156-1536x1024.jpg 1536w, https:\/\/www.brueckenmusik.de\/BMs\/wp-content\/uploads\/2024\/06\/7MAP_0156-2048x1365.jpg 2048w\" sizes=\"auto, (max-width: 1024px) 100vw, 1024px\" \/><\/figure>\n\n\n\n<figure class=\"wp-block-image size-large\"><img loading=\"lazy\" decoding=\"async\" width=\"1024\" height=\"683\" data-id=\"3050\" src=\"https:\/\/www.brueckenmusik.de\/BMs\/wp-content\/uploads\/2024\/06\/8MAP_0181-1024x683.jpg\" alt=\"\" class=\"wp-image-3050\" srcset=\"https:\/\/www.brueckenmusik.de\/BMs\/wp-content\/uploads\/2024\/06\/8MAP_0181-1024x683.jpg 1024w, https:\/\/www.brueckenmusik.de\/BMs\/wp-content\/uploads\/2024\/06\/8MAP_0181-300x200.jpg 300w, https:\/\/www.brueckenmusik.de\/BMs\/wp-content\/uploads\/2024\/06\/8MAP_0181-768x512.jpg 768w, https:\/\/www.brueckenmusik.de\/BMs\/wp-content\/uploads\/2024\/06\/8MAP_0181-1536x1024.jpg 1536w, https:\/\/www.brueckenmusik.de\/BMs\/wp-content\/uploads\/2024\/06\/8MAP_0181-2048x1365.jpg 2048w\" sizes=\"auto, (max-width: 1024px) 100vw, 1024px\" \/><\/figure>\n\n\n\n<figure class=\"wp-block-image size-large\"><img loading=\"lazy\" decoding=\"async\" width=\"1024\" height=\"683\" data-id=\"3049\" src=\"https:\/\/www.brueckenmusik.de\/BMs\/wp-content\/uploads\/2024\/06\/9MAP_0502-1024x683.jpg\" alt=\"\" class=\"wp-image-3049\" srcset=\"https:\/\/www.brueckenmusik.de\/BMs\/wp-content\/uploads\/2024\/06\/9MAP_0502-1024x683.jpg 1024w, https:\/\/www.brueckenmusik.de\/BMs\/wp-content\/uploads\/2024\/06\/9MAP_0502-300x200.jpg 300w, https:\/\/www.brueckenmusik.de\/BMs\/wp-content\/uploads\/2024\/06\/9MAP_0502-768x512.jpg 768w, https:\/\/www.brueckenmusik.de\/BMs\/wp-content\/uploads\/2024\/06\/9MAP_0502-1536x1024.jpg 1536w, https:\/\/www.brueckenmusik.de\/BMs\/wp-content\/uploads\/2024\/06\/9MAP_0502-2048x1365.jpg 2048w\" sizes=\"auto, (max-width: 1024px) 100vw, 1024px\" \/><\/figure>\n\n\n\n<figure class=\"wp-block-image size-large\"><img loading=\"lazy\" decoding=\"async\" width=\"1024\" height=\"683\" data-id=\"3046\" src=\"https:\/\/www.brueckenmusik.de\/BMs\/wp-content\/uploads\/2024\/06\/10MAP_0827-1024x683.jpg\" alt=\"\" class=\"wp-image-3046\" srcset=\"https:\/\/www.brueckenmusik.de\/BMs\/wp-content\/uploads\/2024\/06\/10MAP_0827-1024x683.jpg 1024w, https:\/\/www.brueckenmusik.de\/BMs\/wp-content\/uploads\/2024\/06\/10MAP_0827-300x200.jpg 300w, https:\/\/www.brueckenmusik.de\/BMs\/wp-content\/uploads\/2024\/06\/10MAP_0827-768x512.jpg 768w, https:\/\/www.brueckenmusik.de\/BMs\/wp-content\/uploads\/2024\/06\/10MAP_0827-1536x1024.jpg 1536w, https:\/\/www.brueckenmusik.de\/BMs\/wp-content\/uploads\/2024\/06\/10MAP_0827-2048x1365.jpg 2048w\" sizes=\"auto, (max-width: 1024px) 100vw, 1024px\" \/><\/figure>\n\n\n\n<figure class=\"wp-block-image size-large\"><img loading=\"lazy\" decoding=\"async\" width=\"1024\" height=\"683\" data-id=\"3045\" src=\"https:\/\/www.brueckenmusik.de\/BMs\/wp-content\/uploads\/2024\/06\/MAP_0314-1024x683.jpg\" alt=\"\" class=\"wp-image-3045\" srcset=\"https:\/\/www.brueckenmusik.de\/BMs\/wp-content\/uploads\/2024\/06\/MAP_0314-1024x683.jpg 1024w, https:\/\/www.brueckenmusik.de\/BMs\/wp-content\/uploads\/2024\/06\/MAP_0314-300x200.jpg 300w, https:\/\/www.brueckenmusik.de\/BMs\/wp-content\/uploads\/2024\/06\/MAP_0314-768x512.jpg 768w, https:\/\/www.brueckenmusik.de\/BMs\/wp-content\/uploads\/2024\/06\/MAP_0314-1536x1024.jpg 1536w, https:\/\/www.brueckenmusik.de\/BMs\/wp-content\/uploads\/2024\/06\/MAP_0314-2048x1365.jpg 2048w\" sizes=\"auto, (max-width: 1024px) 100vw, 1024px\" \/><\/figure>\n\n\n\n<figure class=\"wp-block-image size-large\"><img loading=\"lazy\" decoding=\"async\" width=\"1024\" height=\"683\" data-id=\"3048\" src=\"https:\/\/www.brueckenmusik.de\/BMs\/wp-content\/uploads\/2024\/06\/MAP_0436-1024x683.jpg\" alt=\"\" class=\"wp-image-3048\" srcset=\"https:\/\/www.brueckenmusik.de\/BMs\/wp-content\/uploads\/2024\/06\/MAP_0436-1024x683.jpg 1024w, https:\/\/www.brueckenmusik.de\/BMs\/wp-content\/uploads\/2024\/06\/MAP_0436-300x200.jpg 300w, https:\/\/www.brueckenmusik.de\/BMs\/wp-content\/uploads\/2024\/06\/MAP_0436-768x512.jpg 768w, https:\/\/www.brueckenmusik.de\/BMs\/wp-content\/uploads\/2024\/06\/MAP_0436-1536x1024.jpg 1536w, https:\/\/www.brueckenmusik.de\/BMs\/wp-content\/uploads\/2024\/06\/MAP_0436-2048x1365.jpg 2048w\" sizes=\"auto, (max-width: 1024px) 100vw, 1024px\" \/><\/figure>\n<\/figure>\n\n\n\n<p><\/p>\n","protected":false},"excerpt":{"rendered":"<p>Br\u00fcckenmusik 299.\u2013 18. August 2024 Vica PachecoOCCARESCENCIA Deutzer Br\u00fccke, K\u00f6ln MarkmannsgasseToreinfahrt gegen\u00fcber vom Drumcenter Markmannsgasse 9-11 Anfahrt Er\u00f6ffnungFreitag9. August 2024 19\u201423 h Seit 1995 zeigt die freie Initiative Br\u00fcckenmusik jeden Sommer f\u00fcr 10 Tage installative Klangkunst im 550m langen Hohlk\u00f6rper der Deutzer Br\u00fccke mit ihren einmaligen akustischen Eigenschaften. St\u00fcndliche F\u00fchrungen f\u00fcr eine limitierte Anzahl von &#8230; <a title=\"Br\u00fcckenmusik 29\" class=\"read-more\" href=\"https:\/\/www.brueckenmusik.de\/?p=2846\" aria-label=\"Read more about Br\u00fcckenmusik 29\">Read more<\/a><\/p>\n","protected":false},"author":1,"featured_media":0,"comment_status":"closed","ping_status":"closed","sticky":false,"template":"","format":"standard","meta":{"footnotes":""},"categories":[151],"tags":[],"class_list":["post-2846","post","type-post","status-publish","format-standard","hentry","category-b29-2024"],"_links":{"self":[{"href":"https:\/\/www.brueckenmusik.de\/index.php?rest_route=\/wp\/v2\/posts\/2846","targetHints":{"allow":["GET"]}}],"collection":[{"href":"https:\/\/www.brueckenmusik.de\/index.php?rest_route=\/wp\/v2\/posts"}],"about":[{"href":"https:\/\/www.brueckenmusik.de\/index.php?rest_route=\/wp\/v2\/types\/post"}],"author":[{"embeddable":true,"href":"https:\/\/www.brueckenmusik.de\/index.php?rest_route=\/wp\/v2\/users\/1"}],"replies":[{"embeddable":true,"href":"https:\/\/www.brueckenmusik.de\/index.php?rest_route=%2Fwp%2Fv2%2Fcomments&post=2846"}],"version-history":[{"count":25,"href":"https:\/\/www.brueckenmusik.de\/index.php?rest_route=\/wp\/v2\/posts\/2846\/revisions"}],"predecessor-version":[{"id":3051,"href":"https:\/\/www.brueckenmusik.de\/index.php?rest_route=\/wp\/v2\/posts\/2846\/revisions\/3051"}],"wp:attachment":[{"href":"https:\/\/www.brueckenmusik.de\/index.php?rest_route=%2Fwp%2Fv2%2Fmedia&parent=2846"}],"wp:term":[{"taxonomy":"category","embeddable":true,"href":"https:\/\/www.brueckenmusik.de\/index.php?rest_route=%2Fwp%2Fv2%2Fcategories&post=2846"},{"taxonomy":"post_tag","embeddable":true,"href":"https:\/\/www.brueckenmusik.de\/index.php?rest_route=%2Fwp%2Fv2%2Ftags&post=2846"}],"curies":[{"name":"wp","href":"https:\/\/api.w.org\/{rel}","templated":true}]}}