{"id":330,"date":"1998-05-03T15:10:17","date_gmt":"1998-05-03T13:10:17","guid":{"rendered":"http:\/\/www.brueckenmusik.de\/?p=330"},"modified":"1998-05-03T15:10:17","modified_gmt":"1998-05-03T13:10:17","slug":"veranstaltungen-1998","status":"publish","type":"post","link":"https:\/\/www.brueckenmusik.de\/?p=330","title":{"rendered":"1998"},"content":{"rendered":"<p><img loading=\"lazy\" decoding=\"async\" class=\"alignright size-full wp-image-710\" title=\"bm041\" src=\"http:\/\/www.brueckenmusik.de\/BMs\/wp-content\/uploads\/1998\/05\/bm04-11-1-1.jpg\" alt=\"bm041\" width=\"439\" height=\"471\" \/>\u2014\u2014\u2014\u2014\u2014\u2014\u2014\u2014\u2014\u2014\u2014\u2014\u2014\u2014\u2014\u2013<br \/>\nBM 04<strong><br \/>\n30. Mai \u2013 7. Juni 1998<\/strong><strong><br \/>\n<\/strong>\u2014\u2014\u2014\u2014\u2014\u2014\u2014\u2014\u2014\u2014\u2014\u2014\u2014\u2014\u2014\u2013<\/p>\n<p>INSTALLATIONEN<\/p>\n<p><strong>Kyra Stratmann <\/strong>Erinnerungen<strong><br \/>\nBettina Gruber <\/strong>Brusique de l&#8217;eau, brusique del&#8217;air, Riverwork<strong><br \/>\nTerry Fox <\/strong>Diverted and Reflected<\/p>\n<p>\u2014\u2014\u2014\u2014\u2014\u2014\u2014\u2014\u2014\u2014\u2014\u2014\u2014\u2014\u2014\u2013<br \/>\nDeutzer Br\u00fccke<br \/>\nEingang Markmannsgasse (linksrheinisch)<\/p>\n<p>&#8212;&#8212;&#8212;&#8212;&#8212;&#8212;&#8212;&#8212;&#8212;&#8212;&#8212;&#8212;&#8212;&#8212;&#8212;&#8211;<\/p>\n<p>Programm\/Organisation:<br \/>\nPeter Behrendsen<\/p>\n<p>Br\u00fcckenmusik 04<br \/>\nEine Veranstaltung der K\u00f6lner Gesellschaft f\u00fcr Neue Musik mit freundlicher Unterst\u00fctzung des Amtes f\u00fcr Br\u00fccken und Stadtbahnbau, des Ministeriums f\u00fcr Stadtentwicklung, Kultur und Sport des Landes Nordrhein-Westfalen und der Media Plus GmbH.<\/p>\n<p>\/<\/p>\n","protected":false},"excerpt":{"rendered":"<p>\u2014\u2014\u2014\u2014\u2014\u2014\u2014\u2014\u2014\u2014\u2014\u2014\u2014\u2014\u2014\u2013 BM 04 30. Mai \u2013 7. Juni 1998 \u2014\u2014\u2014\u2014\u2014\u2014\u2014\u2014\u2014\u2014\u2014\u2014\u2014\u2014\u2014\u2013 INSTALLATIONEN Kyra Stratmann Erinnerungen Bettina Gruber Brusique de l&#8217;eau, brusique del&#8217;air, Riverwork Terry Fox Diverted and Reflected \u2014\u2014\u2014\u2014\u2014\u2014\u2014\u2014\u2014\u2014\u2014\u2014\u2014\u2014\u2014\u2013 Deutzer Br\u00fccke Eingang Markmannsgasse (linksrheinisch) &#8212;&#8212;&#8212;&#8212;&#8212;&#8212;&#8212;&#8212;&#8212;&#8212;&#8212;&#8212;&#8212;&#8212;&#8212;&#8211; Programm\/Organisation: Peter Behrendsen Br\u00fcckenmusik 04 Eine Veranstaltung der K\u00f6lner Gesellschaft f\u00fcr Neue Musik mit freundlicher Unterst\u00fctzung des Amtes f\u00fcr Br\u00fccken und &#8230; <a title=\"1998\" class=\"read-more\" href=\"https:\/\/www.brueckenmusik.de\/?p=330\" aria-label=\"Read more about 1998\">Read more<\/a><\/p>\n","protected":false},"author":1,"featured_media":0,"comment_status":"closed","ping_status":"closed","sticky":false,"template":"","format":"standard","meta":{"footnotes":""},"categories":[10],"tags":[],"class_list":["post-330","post","type-post","status-publish","format-standard","hentry","category-bm04-1998"],"_links":{"self":[{"href":"https:\/\/www.brueckenmusik.de\/index.php?rest_route=\/wp\/v2\/posts\/330","targetHints":{"allow":["GET"]}}],"collection":[{"href":"https:\/\/www.brueckenmusik.de\/index.php?rest_route=\/wp\/v2\/posts"}],"about":[{"href":"https:\/\/www.brueckenmusik.de\/index.php?rest_route=\/wp\/v2\/types\/post"}],"author":[{"embeddable":true,"href":"https:\/\/www.brueckenmusik.de\/index.php?rest_route=\/wp\/v2\/users\/1"}],"replies":[{"embeddable":true,"href":"https:\/\/www.brueckenmusik.de\/index.php?rest_route=%2Fwp%2Fv2%2Fcomments&post=330"}],"version-history":[{"count":0,"href":"https:\/\/www.brueckenmusik.de\/index.php?rest_route=\/wp\/v2\/posts\/330\/revisions"}],"wp:attachment":[{"href":"https:\/\/www.brueckenmusik.de\/index.php?rest_route=%2Fwp%2Fv2%2Fmedia&parent=330"}],"wp:term":[{"taxonomy":"category","embeddable":true,"href":"https:\/\/www.brueckenmusik.de\/index.php?rest_route=%2Fwp%2Fv2%2Fcategories&post=330"},{"taxonomy":"post_tag","embeddable":true,"href":"https:\/\/www.brueckenmusik.de\/index.php?rest_route=%2Fwp%2Fv2%2Ftags&post=330"}],"curies":[{"name":"wp","href":"https:\/\/api.w.org\/{rel}","templated":true}]}}