{"id":354,"date":"2011-05-02T09:33:10","date_gmt":"2011-05-02T07:33:10","guid":{"rendered":"http:\/\/www.brueckenmusik.de\/?p=354"},"modified":"2011-05-02T09:33:10","modified_gmt":"2011-05-02T07:33:10","slug":"bruckenmusik-2011","status":"publish","type":"post","link":"https:\/\/www.brueckenmusik.de\/?p=354","title":{"rendered":"Br\u00fcckenmusik 2011"},"content":{"rendered":"<p><img loading=\"lazy\" decoding=\"async\" class=\"alignright size-full wp-image-418\" title=\"bm17_konzert_471\" src=\"http:\/\/www.brueckenmusik.de\/BMs\/wp-content\/uploads\/2011\/05\/bm17-1_konzert_471-1-1.jpg\" alt=\"bm17_konzert_471\" width=\"380\" height=\"214\" \/><img loading=\"lazy\" decoding=\"async\" class=\"alignright size-full wp-image-413\" title=\"bm17_konzert_449\" src=\"http:\/\/www.brueckenmusik.de\/BMs\/wp-content\/uploads\/2011\/05\/bm17-1_konzert_449-1-1.jpg\" alt=\"bm17_konzert_449\" width=\"380\" height=\"214\" \/>Br\u00fcckenmusik 17 im Rahmen des Romanischen Sommers 2011<\/p>\n<p>Die Tatsache, dass aufgrund von Renovierungsarbeiten in der Deutzer Br\u00fccke zum ersten Mal in siebzehn Jahren der Hohlkasten nicht zur Verf\u00fcgung steht, ist f\u00fcr uns noch lange kein Grund die Br\u00fcckenMusik einfach ins Wasser fallen zu lassen. Stattdessen wird der Konzertteil der Veranstaltung auf das selbige verlegt: drei international bekannte Komponistinnen wurden eingeladen, St\u00fccke zu schreiben f\u00fcr vier Lautsprecher, die sich auf vier verschiedenen Ruderbooten befinden. Diese Boote kreuzen \u2013 streng nach Partitur \u2013 w\u00e4hrend der Auff\u00fchrung unter der Deutzer Br\u00fccke (rechtsrheinisch) und bieten dem Publikum raffiniertere Kost als die rhein\u00fcbliche Akkordeon-Stra\u00dfenmusik und Disco-Boot-Beschallung. Die stilistische Spannbreite reicht dabei vom \u201ehistorischen\u201c R\u00fcckgriff auf \u201eMoby Dick&#8220; in Film, Wal und Buchform (Jennie Savage), \u00fcber akustische Experimente mit Phasenverschiebungen (Franziska Windisch), bis zum dramaturgisch ausgefeilten H\u00f6rkino durch das zwanzig Klangfische schwimmen (Katharina Klement).<\/p>\n<p>War bei fr\u00fcherem Zusammenarbeiten zwischen Br\u00fcckenMusik und<br \/>\nromanischem Sommer die Deutzer Br\u00fccke aufgrund ihrer akustischen<br \/>\nEigenarten als \u201eweltlicher Sakralraum\u201c in das Ensemble der romanischen Kirchen eingemeindet worden, so bekommen wir f\u00fcr die Installation der diesj\u00e4hrigen Veranstaltung quasi Kirchenasyl: die Kunst-Station Sankt Peter zeigt eine Klanginstallation von Andreas Old\u00f6rp, dessen Markenzeichen es ist, durch subtile und pr\u00e4zise auf die Akustik der bespielten R\u00e4ume abgestimmte Klangskulpturen die Wahrnehmung altvertrauter Umgebungen umzuleiten.<\/p>\n<p>Wir hoffen, dass mit dieser Veranstaltung auch ohne Teilnahme<br \/>\ndes sensationellen Br\u00fcckenraums die Handschrift der Br\u00fcckenMusik<br \/>\nsichtbar bleibt: Ungew\u00f6hnliche Veranstaltungsformen und k\u00fcnstlerische Positionen, die noch nicht in K\u00f6ln gezeigt wurden.<\/p>\n","protected":false},"excerpt":{"rendered":"<p>Br\u00fcckenmusik 17 im Rahmen des Romanischen Sommers 2011 Die Tatsache, dass aufgrund von Renovierungsarbeiten in der Deutzer Br\u00fccke zum ersten Mal in siebzehn Jahren der Hohlkasten nicht zur Verf\u00fcgung steht, ist f\u00fcr uns noch lange kein Grund die Br\u00fcckenMusik einfach ins Wasser fallen zu lassen. Stattdessen wird der Konzertteil der Veranstaltung auf das selbige verlegt: &#8230; <a title=\"Br\u00fcckenmusik 2011\" class=\"read-more\" href=\"https:\/\/www.brueckenmusik.de\/?p=354\" aria-label=\"Read more about Br\u00fcckenmusik 2011\">Read more<\/a><\/p>\n","protected":false},"author":1,"featured_media":0,"comment_status":"closed","ping_status":"closed","sticky":false,"template":"","format":"standard","meta":{"footnotes":""},"categories":[86],"tags":[],"class_list":["post-354","post","type-post","status-publish","format-standard","hentry","category-text-2011"],"_links":{"self":[{"href":"https:\/\/www.brueckenmusik.de\/index.php?rest_route=\/wp\/v2\/posts\/354","targetHints":{"allow":["GET"]}}],"collection":[{"href":"https:\/\/www.brueckenmusik.de\/index.php?rest_route=\/wp\/v2\/posts"}],"about":[{"href":"https:\/\/www.brueckenmusik.de\/index.php?rest_route=\/wp\/v2\/types\/post"}],"author":[{"embeddable":true,"href":"https:\/\/www.brueckenmusik.de\/index.php?rest_route=\/wp\/v2\/users\/1"}],"replies":[{"embeddable":true,"href":"https:\/\/www.brueckenmusik.de\/index.php?rest_route=%2Fwp%2Fv2%2Fcomments&post=354"}],"version-history":[{"count":0,"href":"https:\/\/www.brueckenmusik.de\/index.php?rest_route=\/wp\/v2\/posts\/354\/revisions"}],"wp:attachment":[{"href":"https:\/\/www.brueckenmusik.de\/index.php?rest_route=%2Fwp%2Fv2%2Fmedia&parent=354"}],"wp:term":[{"taxonomy":"category","embeddable":true,"href":"https:\/\/www.brueckenmusik.de\/index.php?rest_route=%2Fwp%2Fv2%2Fcategories&post=354"},{"taxonomy":"post_tag","embeddable":true,"href":"https:\/\/www.brueckenmusik.de\/index.php?rest_route=%2Fwp%2Fv2%2Ftags&post=354"}],"curies":[{"name":"wp","href":"https:\/\/api.w.org\/{rel}","templated":true}]}}