{"id":540,"date":"2013-05-12T10:20:40","date_gmt":"2013-05-12T08:20:40","guid":{"rendered":"http:\/\/www.brueckenmusik.de\/?p=540"},"modified":"2013-05-12T10:20:40","modified_gmt":"2013-05-12T08:20:40","slug":"installation-2","status":"publish","type":"post","link":"https:\/\/www.brueckenmusik.de\/?p=540","title":{"rendered":"Therapeutische H\u00f6rgruppe K\u00f6ln"},"content":{"rendered":"<p style=\"text-align: left;\">\n<p style=\"text-align: left;\"><strong>7.\u201314. Juli 2013<\/strong><br \/>\nEr\u00f6ffnung:\u00a0 7. Juli 2013 \/ So \/ 20 h<\/p>\n<p style=\"text-align: left;\"><strong>Therapeutische H\u00f6rgruppe K\u00f6ln<\/strong><br \/>\nTobias Beck\/ Tobias Grewenig\/ Volker Hennes\/ Svann E. Langguth\/ Dirk Specht<br \/>\n<em>Gruppenaufstellung \u2013 5 Positionen (m\u00e9thodes th\u00e9rapeutiques), 2013<\/em><\/p>\n<p style=\"text-align: left;\">Auf Grundlage der \u201eM\u00e9thodes th\u00e9rapeutiques\u201c entwirft die Therapeutische H\u00f6rgruppe K\u00f6ln eine mehrteilige, raumbezogene Installation f\u00fcr die Br\u00fcckensegmente, welche als Abfolge von \u201ePositionen\u201c im Inneren des Hohlkastens realisiert wird. Dabei werden vorgefundene starre sowie bewegliche Elemente einbezogen, die mechanisch bespielt oder sensorisch erfasst werden, somit auf direkte und indirekte Weise akustisch wirksam werden. Der Weg durch die Br\u00fccke f\u00fchrt den Besucher entlang eines Bereiches aktivierter Bauk\u00f6rperstruktur, durch ein Feld komplex \u00fcberlagerter Frequenzschichtungen, hin zu einem separaten, kleinr\u00e4umlichen \u201eNah-H\u00f6r-Erlebnis\u201c. Eine begehbare Sequenz aus akustischen Markierungen und Maskierungen: andauernd oder wechselhaft, durchdringend und vor\u00fcbergehend.<\/p>\n<p style=\"text-align: left;\">Deutzer Br\u00fccke<br \/>\nEingang Markmannsgasse (linksrheinisch)<br \/>\n\u00d6ffnungszeiten: 8.\u201312. und 14. Juli 2013<br \/>\nt\u00e4glich 15\u201319 h (letzter Einlass um 18:30 h)<\/p>\n<p><span style=\"color: #ffffff;\">.<\/span><\/p>\n<p><span style=\"color: #ffffff;\">.<\/span><\/p>\n<p><strong>Kunstkopf-Mikrofon-Durchgang \/ Positionen 1-3<\/strong><strong>:<\/strong><\/p>\n<p style=\"text-align: left;\"><strong><a href=\"http:\/\/www.brueckenmusik.de\/BMs\/wp-content\/uploads\/2013\/05\/bm19-1_durchgang_okm_small-1.mp3\"><span style=\"color: #3366ff;\">Gruppenaufstellung \u2013 5 Positionen (m\u00e9thodes th\u00e9rapeutiques), 2013<\/span><\/a><\/strong><\/p>\n<p style=\"text-align: left;\"><span style=\"color: #3366ff;\">\u00a0<\/span><\/p>\n<p style=\"text-align: left;\"><a href=\"http:\/\/www.brueckenmusik.de\/BMs\/wp-content\/uploads\/2013\/05\/bm19-1_installation_08-1-1.jpg\"><img loading=\"lazy\" decoding=\"async\" class=\"size-full wp-image-612 alignleft\" title=\"bm19_installation_08\" src=\"http:\/\/www.brueckenmusik.de\/BMs\/wp-content\/uploads\/2013\/05\/bm19-1_installation_08-1-1.jpg\" alt=\"bm19_installation_08\" width=\"600\" height=\"450\" \/><\/a><\/p>\n<p style=\"text-align: left;\"><a href=\"http:\/\/www.brueckenmusik.de\/BMs\/wp-content\/uploads\/2013\/05\/bm19-1_installation_01-1-1.jpg\"><img loading=\"lazy\" decoding=\"async\" class=\"size-full wp-image-619 alignnone\" title=\"bm19_installation_01\" src=\"http:\/\/www.brueckenmusik.de\/BMs\/wp-content\/uploads\/2013\/05\/bm19-1_installation_01-1-1.jpg\" alt=\"bm19_installation_01\" width=\"600\" height=\"450\" \/><\/a><\/p>\n<p style=\"text-align: left;\"><a href=\"http:\/\/www.brueckenmusik.de\/BMs\/wp-content\/uploads\/2013\/05\/bm19-1_installation_03-1-1.jpg\"><img loading=\"lazy\" decoding=\"async\" class=\"size-full wp-image-617 alignleft\" title=\"bm19_installation_03\" src=\"http:\/\/www.brueckenmusik.de\/BMs\/wp-content\/uploads\/2013\/05\/bm19-1_installation_03-1-1.jpg\" alt=\"bm19_installation_03\" width=\"600\" height=\"450\" \/><\/a><\/p>\n<p style=\"text-align: left;\"><a href=\"http:\/\/www.brueckenmusik.de\/BMs\/wp-content\/uploads\/2013\/05\/bm19-1_installation_02-1-1.jpg\"><img loading=\"lazy\" decoding=\"async\" class=\"size-full wp-image-618 alignleft\" title=\"bm19_installation_02\" src=\"http:\/\/www.brueckenmusik.de\/BMs\/wp-content\/uploads\/2013\/05\/bm19-1_installation_02-1-1.jpg\" alt=\"bm19_installation_02\" width=\"600\" height=\"450\" \/><\/a><\/p>\n<p style=\"text-align: left;\"><a href=\"http:\/\/www.brueckenmusik.de\/BMs\/wp-content\/uploads\/2013\/05\/bm19-1_installation_07-1-1.jpg\"><img loading=\"lazy\" decoding=\"async\" class=\"size-full wp-image-613 alignleft\" title=\"bm19_installation_07\" src=\"http:\/\/www.brueckenmusik.de\/BMs\/wp-content\/uploads\/2013\/05\/bm19-1_installation_07-1-1.jpg\" alt=\"bm19_installation_07\" width=\"600\" height=\"450\" \/><\/a><\/p>\n<p style=\"text-align: left;\"><a href=\"http:\/\/www.brueckenmusik.de\/BMs\/wp-content\/uploads\/2013\/05\/bm19-1_installation_05-1-1.jpg\"><img loading=\"lazy\" decoding=\"async\" class=\"size-full wp-image-615 alignleft\" title=\"bm19_installation_05\" src=\"http:\/\/www.brueckenmusik.de\/BMs\/wp-content\/uploads\/2013\/05\/bm19-1_installation_05-1-1.jpg\" alt=\"bm19_installation_05\" width=\"600\" height=\"450\" \/><\/a><\/p>\n<p style=\"text-align: left;\"><a href=\"http:\/\/www.brueckenmusik.de\/BMs\/wp-content\/uploads\/2013\/05\/bm19-1_installation_06-1-1.jpg\"><img loading=\"lazy\" decoding=\"async\" class=\"size-full wp-image-614 alignleft\" title=\"bm19_installation_06\" src=\"http:\/\/www.brueckenmusik.de\/BMs\/wp-content\/uploads\/2013\/05\/bm19-1_installation_06-1-1.jpg\" alt=\"bm19_installation_06\" width=\"600\" height=\"450\" \/><\/a><\/p>\n<p style=\"text-align: left;\"><a href=\"http:\/\/www.brueckenmusik.de\/BMs\/wp-content\/uploads\/2013\/05\/bm19-1_installation_04-1-1.jpg\"><img loading=\"lazy\" decoding=\"async\" class=\"size-full wp-image-616 alignleft\" title=\"bm19_installation_04\" src=\"http:\/\/www.brueckenmusik.de\/BMs\/wp-content\/uploads\/2013\/05\/bm19-1_installation_04-1-1.jpg\" alt=\"bm19_installation_04\" width=\"450\" height=\"600\" \/><\/a><\/p>\n<p style=\"text-align: left;\">\n","protected":false},"excerpt":{"rendered":"<p>7.\u201314. Juli 2013<br \/>\nINSTALLATION<br \/>\nBM19<\/p>\n","protected":false},"author":1,"featured_media":1365,"comment_status":"closed","ping_status":"closed","sticky":false,"template":"","format":"standard","meta":{"footnotes":""},"categories":[25,50],"tags":[],"class_list":["post-540","post","type-post","status-publish","format-standard","has-post-thumbnail","hentry","category-bm19-2013","category-installation-2013"],"_links":{"self":[{"href":"https:\/\/www.brueckenmusik.de\/index.php?rest_route=\/wp\/v2\/posts\/540","targetHints":{"allow":["GET"]}}],"collection":[{"href":"https:\/\/www.brueckenmusik.de\/index.php?rest_route=\/wp\/v2\/posts"}],"about":[{"href":"https:\/\/www.brueckenmusik.de\/index.php?rest_route=\/wp\/v2\/types\/post"}],"author":[{"embeddable":true,"href":"https:\/\/www.brueckenmusik.de\/index.php?rest_route=\/wp\/v2\/users\/1"}],"replies":[{"embeddable":true,"href":"https:\/\/www.brueckenmusik.de\/index.php?rest_route=%2Fwp%2Fv2%2Fcomments&post=540"}],"version-history":[{"count":0,"href":"https:\/\/www.brueckenmusik.de\/index.php?rest_route=\/wp\/v2\/posts\/540\/revisions"}],"wp:featuredmedia":[{"embeddable":true,"href":"https:\/\/www.brueckenmusik.de\/index.php?rest_route=\/wp\/v2\/media\/1365"}],"wp:attachment":[{"href":"https:\/\/www.brueckenmusik.de\/index.php?rest_route=%2Fwp%2Fv2%2Fmedia&parent=540"}],"wp:term":[{"taxonomy":"category","embeddable":true,"href":"https:\/\/www.brueckenmusik.de\/index.php?rest_route=%2Fwp%2Fv2%2Fcategories&post=540"},{"taxonomy":"post_tag","embeddable":true,"href":"https:\/\/www.brueckenmusik.de\/index.php?rest_route=%2Fwp%2Fv2%2Ftags&post=540"}],"curies":[{"name":"wp","href":"https:\/\/api.w.org\/{rel}","templated":true}]}}