{"id":749,"date":"2007-06-15T18:14:56","date_gmt":"2007-06-15T16:14:56","guid":{"rendered":"http:\/\/www.brueckenmusik.de\/?p=749"},"modified":"2007-06-15T18:14:56","modified_gmt":"2007-06-15T16:14:56","slug":"bruckenmusik-2007","status":"publish","type":"post","link":"https:\/\/www.brueckenmusik.de\/?p=749","title":{"rendered":"Br\u00fcckenmusik 2007"},"content":{"rendered":"<p><img loading=\"lazy\" decoding=\"async\" class=\"alignright size-full wp-image-130\" title=\"b13_ldin_v\" src=\"http:\/\/www.brueckenmusik.de\/BMs\/wp-content\/uploads\/2009\/06\/b13_ldin_v-1-1.jpg\" alt=\"b13_ldin_v\" width=\"450\" height=\"210\" \/>Auch in der 13. Ausgabe setzen wir die in den vorangegangen Br\u00fccken\u00adMusiken eingeschlagene Zuspitzung auf Arbeiten, die keiner Wiedergabe durch Lautsprecher bed\u00fcrfen, konsequent fort. In einem Raum, dessen akustisches Environment von den \u00fcber die K\u00f6pfe dahinrauschenden Stra\u00dfenbahn- und PKW-Ger\u00e4uschen dominiert wird, mag dies zun\u00e4chst wie ein Widerspruch erscheinen. Es sind jedoch gerade die teils zerbrech\u00adlichen, teils drastischen Eingriffe der K\u00fcnstler, die in einer beeindruckenden und monolithischen Betonwildnis ein facettenreiches \u00e4sthetisches Erleben erm\u00f6glichen.<\/p>\n<p>Die Installation \u201ePneumatic Sound Field\u201c von Edwin van der Heide setzt radikal bei den Wurzeln von Musik an: Bewegte Luft. Aus computerge\u00adsteuerten Hochdruckventilen entsteht eine punktgenaue und h\u00f6chst eigenwillige Musik, die sich irgendwo zwischen Mathematik, Ger\u00e4usch und Techno ihre undefinierbare Heimat sucht.<\/p>\n<p>\u201eAm Ende der Welt\u201c betitelt der K\u00fcnstler Lutz Fritsch seine Arbeit im mittleren Raum, die Videomaterial von seinen Antarktisaufenthalten pr\u00e4sentiert. Das Publikum begegnet hier beim Durchschreiten des Tunnels einem Protagonisten, der in einer unendlich wei\u00dfen Landschaften verschwindet und wiederkehrt.<\/p>\n<p>\u201e0&#8212;&#8212;&#8212;0&#8212;&#8212;&#8212;0&#8212;&#8212;&#8212;0&#8212;&#8212;&#8212;0\u201c von Martin Riches zeigt 5 \u00fcber die 120 Meter des Raumes gleichm\u00e4\u00dfig verteilte kybernetische Paneele. Raumtiefe und Raumklang definieren sich \u00fcber das leise Summen der rotierenden und auf geheimnisvolle Weise kommunizierenden Farbfelder.<\/p>\n<p>Zus\u00e4tzlich finden unter dem Motto \u201ePerkussion &amp; Projektion\u201c sowohl zur Vernissage als auch zur Finissage Konzertabende statt, bei denen K\u00fcnstler zu Wort kommen, in deren Musik sich mechanische und manuelle Per\u00adkussionsmusik mit raumbezogenen Konzepten verbindet. Lloren\u00e7 Barber lotet mithilfe einfacher Glocken und seiner Stimme die Raumakustik aus, Alan \u201eGunga\u201c Purves bringt die \u201eBones\u201c, ein archaisches schottisches Schlaginstrument zum klappern, Mark Laiosa demonstriert seine Virtuosit\u00e4t an einem Triangel Solo und Pierre Berthet entwickelt ein St\u00fcck f\u00fcr ein Schlaginstrument, das sich mit der Architektur verbindet und aus ihr ergibt. Zwei eigens f\u00fcr die Br\u00fcckenMusik erstellte Stummfilme der K\u00fcnstlerinnen Echo Ho und Agnes Meyer-Brandis kontrastieren die Konzerte mittels einer reinen Bildsprache und dem nat\u00fcrlichen Soundtrack des rauschenden<br \/>\nVerkehrs &#8230;<\/p>\n<p>1994 von Peter Behrendsen ins Leben gerufen, z\u00e4hlt die Br\u00fcckenMusik zu den \u00e4ltesten kontinuierlichen Veranstaltungen im Bereich Klangkunst in Deutschland. Angesiedelt in der tunnelartigen Konstruktionskammer im ansonsten unzug\u00e4nglichen Inneren der Deutzer Br\u00fccke, fokussiert die Ausstellung auf 3 Positionen zeitgen\u00f6ssischer Kunst aus den Bereichen Klangkunst und Neue Medien, erg\u00e4nzt durch zwei Konzert\/Performance-Abende.Dies Alles wird erst m\u00f6glich durch gro\u00dfz\u00fcgige Unterst\u00fctzung unserer Sponsoren, aber auch durch den selbstlosen Einsatz der Assistenten, die die K\u00fcnstler beim Aufbau unterst\u00fctzen, namentlich Martin Durham, Alex Gabriel, Tina Tonagel, eine Reihe privater F\u00f6rderer, f\u00fcr die stellver\u00adtretend Frank B\u00f6lter, Ursula Brand, Georg Dietzler und Hanjo Scharfenberg\/Galerie Rachel Haferkamp genannt seien, sowie nicht zuletzt Peter F\u00f6disch und Bettina Wenzel am Empfang.<\/p>\n<p>Jens Brand, hans w. koch<br \/>\nKuratoren<\/p>\n","protected":false},"excerpt":{"rendered":"<p>Auch in der 13. Ausgabe setzen wir die in den vorangegangen Br\u00fccken\u00adMusiken eingeschlagene Zuspitzung auf Arbeiten, die keiner Wiedergabe durch Lautsprecher bed\u00fcrfen, konsequent fort. In einem Raum, dessen akustisches Environment von den \u00fcber die K\u00f6pfe dahinrauschenden Stra\u00dfenbahn- und PKW-Ger\u00e4uschen dominiert wird, mag dies zun\u00e4chst wie ein Widerspruch erscheinen. Es sind jedoch gerade die teils zerbrech\u00adlichen, &#8230; <a title=\"Br\u00fcckenmusik 2007\" class=\"read-more\" href=\"https:\/\/www.brueckenmusik.de\/?p=749\" aria-label=\"Read more about Br\u00fcckenmusik 2007\">Read more<\/a><\/p>\n","protected":false},"author":1,"featured_media":0,"comment_status":"closed","ping_status":"closed","sticky":false,"template":"","format":"standard","meta":{"footnotes":""},"categories":[19,82],"tags":[],"class_list":["post-749","post","type-post","status-publish","format-standard","hentry","category-bm13-2007","category-text-2007"],"_links":{"self":[{"href":"https:\/\/www.brueckenmusik.de\/index.php?rest_route=\/wp\/v2\/posts\/749","targetHints":{"allow":["GET"]}}],"collection":[{"href":"https:\/\/www.brueckenmusik.de\/index.php?rest_route=\/wp\/v2\/posts"}],"about":[{"href":"https:\/\/www.brueckenmusik.de\/index.php?rest_route=\/wp\/v2\/types\/post"}],"author":[{"embeddable":true,"href":"https:\/\/www.brueckenmusik.de\/index.php?rest_route=\/wp\/v2\/users\/1"}],"replies":[{"embeddable":true,"href":"https:\/\/www.brueckenmusik.de\/index.php?rest_route=%2Fwp%2Fv2%2Fcomments&post=749"}],"version-history":[{"count":0,"href":"https:\/\/www.brueckenmusik.de\/index.php?rest_route=\/wp\/v2\/posts\/749\/revisions"}],"wp:attachment":[{"href":"https:\/\/www.brueckenmusik.de\/index.php?rest_route=%2Fwp%2Fv2%2Fmedia&parent=749"}],"wp:term":[{"taxonomy":"category","embeddable":true,"href":"https:\/\/www.brueckenmusik.de\/index.php?rest_route=%2Fwp%2Fv2%2Fcategories&post=749"},{"taxonomy":"post_tag","embeddable":true,"href":"https:\/\/www.brueckenmusik.de\/index.php?rest_route=%2Fwp%2Fv2%2Ftags&post=749"}],"curies":[{"name":"wp","href":"https:\/\/api.w.org\/{rel}","templated":true}]}}