{"id":817,"date":"2015-06-15T22:26:16","date_gmt":"2015-06-15T20:26:16","guid":{"rendered":"http:\/\/www.brueckenmusik.de\/?p=817"},"modified":"2015-06-15T22:26:16","modified_gmt":"2015-06-15T20:26:16","slug":"konzert-3","status":"publish","type":"post","link":"https:\/\/www.brueckenmusik.de\/?p=817","title":{"rendered":"Frieder Butzmann"},"content":{"rendered":"<p><a href=\"http:\/\/www.brueckenmusik.de\/BMs\/wp-content\/uploads\/2015\/06\/BM21_butzmann-1_2-1-1.jpg\">\u00a0<\/a><\/p>\n<p>Konzert\/Finissage<strong><br \/>\n<\/strong><strong>12. Juli 2015\u00a0<\/strong>\/ So \/ 20 h<br \/>\nIn der Garage<br \/>\nEingang Markmannsgasse (linksrheinisch)<br \/>\n<a href=\"http:\/\/www.brueckenmusik.de\/?page_id=15\" target=\"_blank\" rel=\"noopener\">&gt;&gt; Anfahrt<\/a><br \/>\n<strong><br \/>\n<\/strong>Eintritt: 5 Euro<\/p>\n<div><\/div>\n<p><b>Frieder Butzmann <\/b>[D]<br \/>\nVapor Zukunft \u2013 Elektrische Lieder<br \/>\naus sechs Jahrzehnten<\/p>\n<p><b>\u00a0<\/b><\/p>\n<p>Was ist so modern, dass es noch gar nicht modern ist. Wie wird die Musik in 60 Jahren klingen? \u2013 Man wei\u00df es nicht. Aber man wei\u00df, sie muss gewiss\u00a0elektrisch sein oder elektronisch, heute sogar mindestens digital, wenn nicht gar quantenkryptisch oder dunkelmateriell.<\/p>\n<p>Frieder Butzmann pr\u00e4sentiert seine gesungenen und elektronisch\u00a0begleiteten, vergangenen Zukunftsvisionen: Wir h\u00f6ren Elektronische Musik, konzentrieren uns auf eine Sinustonkompsition, recomposen Karl-Heinz\u00a0Stockhausen, fr\u00f6nen der Maschinenmusik, dem Gadgeteerism, gedenken der Leiden eines Telefonfr\u00e4uleins, aber horchen auch dem Gefl\u00fcster der Welt.<\/p>\n<p><span class=\"Apple-style-span\"><a href=\"http:\/\/www.friederbutzmann.de\">www.friederbutzmann.de<\/a><\/span><\/p>\n<p>&nbsp;<\/p>\n<p>&nbsp;<\/p>\n","protected":false},"excerpt":{"rendered":"<p>12. Juli 2015<br \/>\nKONZERT<br \/>\nBM21<\/p>\n","protected":false},"author":1,"featured_media":1328,"comment_status":"closed","ping_status":"closed","sticky":false,"template":"","format":"standard","meta":{"footnotes":""},"categories":[27,60],"tags":[],"class_list":["post-817","post","type-post","status-publish","format-standard","has-post-thumbnail","hentry","category-bm21-2015","category-konzert-12-07-2015"],"_links":{"self":[{"href":"https:\/\/www.brueckenmusik.de\/index.php?rest_route=\/wp\/v2\/posts\/817","targetHints":{"allow":["GET"]}}],"collection":[{"href":"https:\/\/www.brueckenmusik.de\/index.php?rest_route=\/wp\/v2\/posts"}],"about":[{"href":"https:\/\/www.brueckenmusik.de\/index.php?rest_route=\/wp\/v2\/types\/post"}],"author":[{"embeddable":true,"href":"https:\/\/www.brueckenmusik.de\/index.php?rest_route=\/wp\/v2\/users\/1"}],"replies":[{"embeddable":true,"href":"https:\/\/www.brueckenmusik.de\/index.php?rest_route=%2Fwp%2Fv2%2Fcomments&post=817"}],"version-history":[{"count":0,"href":"https:\/\/www.brueckenmusik.de\/index.php?rest_route=\/wp\/v2\/posts\/817\/revisions"}],"wp:featuredmedia":[{"embeddable":true,"href":"https:\/\/www.brueckenmusik.de\/index.php?rest_route=\/wp\/v2\/media\/1328"}],"wp:attachment":[{"href":"https:\/\/www.brueckenmusik.de\/index.php?rest_route=%2Fwp%2Fv2%2Fmedia&parent=817"}],"wp:term":[{"taxonomy":"category","embeddable":true,"href":"https:\/\/www.brueckenmusik.de\/index.php?rest_route=%2Fwp%2Fv2%2Fcategories&post=817"},{"taxonomy":"post_tag","embeddable":true,"href":"https:\/\/www.brueckenmusik.de\/index.php?rest_route=%2Fwp%2Fv2%2Ftags&post=817"}],"curies":[{"name":"wp","href":"https:\/\/api.w.org\/{rel}","templated":true}]}}