{"id":970,"date":"2016-06-20T20:53:16","date_gmt":"2016-06-20T18:53:16","guid":{"rendered":"http:\/\/www.brueckenmusik.de\/?p=970"},"modified":"2016-06-20T20:53:16","modified_gmt":"2016-06-20T18:53:16","slug":"book-launch","status":"publish","type":"post","link":"https:\/\/www.brueckenmusik.de\/?p=970","title":{"rendered":"Book Launch"},"content":{"rendered":"<p>12. Juli 2016<br \/>\nDi\u00a0\u00a0\/ 20 h<\/p>\n<hr \/>\n<p>Das Buch ist fertig &#8222;Bang&#8220; und heute Abend feiern wir mit Musik und Geb\u00e4ck. TUBE\u00a0 DUST\u00a0 DRONE gibt es zum\u00a0Vorzugspreis (nur an diesem Abend) f\u00fcr 20 EUR und einige der Autoren des Buches werden am Abend anwesend sein.<\/p>\n<p>Deutzer Br\u00fccke, K\u00f6ln<br \/>\nEingang Markmannsgasse (linksrheinisch)<br \/>\n<a href=\"http:\/\/www.brueckenmusik.de\/?page_id=15\" target=\"_blank\" rel=\"noopener\">&gt;&gt; Anfahrt<br \/>\n<\/a><\/p>\n<div>\n<p>&#8212;&#8212;&#8211;<\/p>\n<p>&nbsp;<\/p>\n<p><em>Publikation<\/em><b><br \/>\nTUBE\u00a0 DUST\u00a0 DRONE<br \/>\n<\/b>Br\u00fcckenmusik 1995\u20132015<\/p>\n<p>2016, 224 Seiten, 17&#215;24 cm, 170 Abbildungen,<br \/>\ndeutsch\/englisch, Broschur, Audio-CD<br \/>\nISBN 978-3-00-052513-1 \/ 29,90 EUR<br \/>\nVorzugspreis (nur an diesem Abend) 20 EUR<\/p>\n<p>Ein langer Raum und eine lange Geschichte: Seit \u00fcber 20 Jahren l\u00e4dt die \u201eBr\u00fcckenmusik\u201c die Cr\u00e8me de la Cr\u00e8me der internationalen Klangkunst ins Zwielicht des Hohlkastens, um einer akustisch \u00fcberreichen Umgebung neue Aspekte abzuringen. Die dort entstanden Arbeiten sind oft genauso einzigartig wie der Raum, das Festival eine der \u00e4ltesten Klangkunstveranstaltung Deutschlands. Zeit f\u00fcr einen R\u00fcckblick mit Pauken und Trompeten und einer CD zum Buch, auf der die Br\u00fccke ein langes Solo gibt.<br \/>\n<span style=\"line-height: 1.5;\">(hwk)<\/span><\/p>\n<p>Mit Beitr\u00e4ge von Hermann-Christoph M\u00fcller, Peter Behrendsen, hans w. koch &amp; Jens Brand, Therapeutische H\u00f6rgruppe K\u00f6ln, Reinhard Thon, Helga de la Motte-Haber, Bill Dietz, Rolf Sachsse, Paul DeMarinis, Hubert Steins sowie eine Chronik der Arbeiten aller bisher beteiligter K\u00fcnstlern\/innen.<\/p>\n<p>Das Buch ist erh\u00e4ltlich \u00fcber\u00a0<a href=\"mailto:buch@brueckenmusik.de\">buch@brueckenmusik.de<\/a>\u00a0und im Fachhandel.<\/p>\n<p>&nbsp;<\/p>\n<hr \/>\n<\/div>\n<div><\/div>\n<div>\n<p>&nbsp;<\/p>\n<\/div>\n<div style=\"width: 400px;\" class=\"wp-video\"><video class=\"wp-video-shortcode\" id=\"video-970-1\" width=\"400\" height=\"720\" preload=\"metadata\" controls=\"controls\"><source type=\"video\/mp4\" src=\"http:\/\/www.brueckenmusik.de\/BMs\/wp-content\/uploads\/2016\/06\/IMG_3718-1.m4v?_=1\" \/><a href=\"http:\/\/www.brueckenmusik.de\/BMs\/wp-content\/uploads\/2016\/06\/IMG_3718-1.m4v\">http:\/\/www.brueckenmusik.de\/BMs\/wp-content\/uploads\/2016\/06\/IMG_3718-1.m4v<\/a><\/video><\/div>\n","protected":false},"excerpt":{"rendered":"<p>12. Juli 2016<br \/>\nBuchpr\u00e4sentation<br \/>\nBM22<\/p>\n","protected":false},"author":1,"featured_media":1405,"comment_status":"closed","ping_status":"closed","sticky":false,"template":"","format":"standard","meta":{"footnotes":""},"categories":[28,35],"tags":[],"class_list":["post-970","post","type-post","status-publish","format-standard","has-post-thumbnail","hentry","category-bm22-2016","category-book-launch"],"_links":{"self":[{"href":"https:\/\/www.brueckenmusik.de\/index.php?rest_route=\/wp\/v2\/posts\/970","targetHints":{"allow":["GET"]}}],"collection":[{"href":"https:\/\/www.brueckenmusik.de\/index.php?rest_route=\/wp\/v2\/posts"}],"about":[{"href":"https:\/\/www.brueckenmusik.de\/index.php?rest_route=\/wp\/v2\/types\/post"}],"author":[{"embeddable":true,"href":"https:\/\/www.brueckenmusik.de\/index.php?rest_route=\/wp\/v2\/users\/1"}],"replies":[{"embeddable":true,"href":"https:\/\/www.brueckenmusik.de\/index.php?rest_route=%2Fwp%2Fv2%2Fcomments&post=970"}],"version-history":[{"count":0,"href":"https:\/\/www.brueckenmusik.de\/index.php?rest_route=\/wp\/v2\/posts\/970\/revisions"}],"wp:featuredmedia":[{"embeddable":true,"href":"https:\/\/www.brueckenmusik.de\/index.php?rest_route=\/wp\/v2\/media\/1405"}],"wp:attachment":[{"href":"https:\/\/www.brueckenmusik.de\/index.php?rest_route=%2Fwp%2Fv2%2Fmedia&parent=970"}],"wp:term":[{"taxonomy":"category","embeddable":true,"href":"https:\/\/www.brueckenmusik.de\/index.php?rest_route=%2Fwp%2Fv2%2Fcategories&post=970"},{"taxonomy":"post_tag","embeddable":true,"href":"https:\/\/www.brueckenmusik.de\/index.php?rest_route=%2Fwp%2Fv2%2Ftags&post=970"}],"curies":[{"name":"wp","href":"https:\/\/api.w.org\/{rel}","templated":true}]}}